{"id":185,"date":"2022-09-18T08:50:00","date_gmt":"2022-09-18T08:50:00","guid":{"rendered":"https:\/\/faire-milch.ch\/wordpress\/?p=185"},"modified":"2022-09-22T10:08:28","modified_gmt":"2022-09-22T10:08:28","slug":"der-nationalrat-erkennt-die-wichtigkeit-eines-kostendeckenden-milchpreises","status":"publish","type":"post","link":"https:\/\/new.faire-milch.ch\/wordpress\/index.php\/2022\/09\/18\/der-nationalrat-erkennt-die-wichtigkeit-eines-kostendeckenden-milchpreises\/","title":{"rendered":"Der Nationalrat erkennt die Wichtigkeit eines kostendeckenden Milchpreises"},"content":{"rendered":"\n<p>Wir erinnern uns: 2009 wurde in der Schweiz die Milchquote abgeschafft. Bei einzelnen Milchbauern kam Euphorie auf. Sie bauten grosse St\u00e4lle und vergr\u00f6sserten ihre Kuhherden. Auch die Milchverarbeiter reagierten. Das bekannteste Beispiel ist Hochdorf, welche ihre Pulverkapazit\u00e4ten enorm ausbaute. Sie gingen davon aus, dass jetzt die grossen Milchmengen fliessen. Sie sahen sich gar in der Pflicht, die \u00fcbersch\u00fcssige und entsprechend billige Milch abzunehmen und \u00fcber billige 08-15 Produkte zu verramschen. Etwas sp\u00e4ter merkte man, dass man mit Ramschk\u00e4se noch die Verk\u00e4sungszulage abholen kann. Also wurden grosse K\u00e4sereien f\u00fcr Billigk\u00e4se gebaut, welche die bestehenden Sortenk\u00e4se unter Druck brachten. Das war alles andere als eine Qualit\u00e4tsstrategie!<\/p>\n\n\n\n<!--more-->\n\n\n\n<p><br>BIG-M hat immer wieder davor gewarnt, dass es falsch ist zu glauben, dass die Bauern \u00fcber eine l\u00e4ngere Zeit unter den Produktionsvollkosten produzieren k\u00f6nnen. Nicht zuletzt auch wegen politischen Entscheiden geht die Milchmenge nun wie von uns erwartet markant zur\u00fcck. Und jetzt stehen die Unternehmen, welche auf Massenverarbeitung zu Billig-Produkten gesetzt haben mit dem R\u00fccken zur Wand. Ihre Anlagen stehen leer. Um diese \u00dcberkapazit\u00e4ten auszulasten, soll nun mit Milchimporten ein Fiasko verhindert werden.<br>Das missf\u00e4llt vielen Produzenten. Der Nationalrat hat nun einer Motion zugestimmt, welche Milchimporte im Veredelungsverkehr f\u00fcr die K\u00e4seproduktion verbietet. Interessant ist, dass die 71 Nein Stimmen neben den erwartungsgem\u00e4ssen Stimmen aus der GLP und der FDP, zudem von der SP kommen (!). Interessant ist aber auch das Votum von Finanzminister Maurer. <em>&#8222;Ich bin mit dem Motion\u00e4r durchaus einer Meinung, dass die Milchproduktion in der Schweiz f\u00fcr sehr viele Betriebe nicht kostendeckend ist. Das l\u00e4sst sich auch an der Aufgabe solcher Betriebe ablesen: Die Milchproduzenten in der Schweiz schwinden, weil der gel\u00f6ste Preis offensichtlich nicht kostendeckend ist und sich die Milchproduktion damit nicht lohnt.<\/em>&#8222;<br>Problem erkannt. Dann plaudert er aber aus dem N\u00e4hk\u00e4stchen: <em>&#8222;Bei den Gesuchen, die wir diesbez\u00fcglich in letzter Zeit bewilligt haben &#8211; es gibt etwa alle zwei Monate ein entsprechendes Gesuch -, wurde von den direktbetroffenen Verb\u00e4nden kein Einwand erhoben. &#8222;<\/em><br>Das bedeutet, dass die SMP nichts dagegen haben!!!! Nach Ansicht unseres Dachverbandes ist es also korrekt, dass importiert wird, auch wenn der Milchpreis bei uns nicht kostendeckend ist. Nur damit alle Milchverarbeiter ihre Anlagen auslasten k\u00f6nnen! In welcher Welt leben denn diese? W\u00e4re es nicht Pflicht in der BOM daf\u00fcr zu sorgen, dass die Milchproduktion in der Schweiz erhalten bleibt? Liebe BOM, das ist nur dann m\u00f6glich, wenn die Milchviehbetriebe mit der Milch ein vern\u00fcnftiges Einkommen erzielen! An dieser Tatsache f\u00fchrt kein Weg vorbei.<\/p>\n\n\n\n<p>Mit k\u00e4mpferischen Gr\u00fcssen&nbsp;<br>BIG-M<\/p>\n","protected":false},"excerpt":{"rendered":"<p>Wir erinnern uns: 2009 wurde in der Schweiz die Milchquote abgeschafft. Bei einzelnen Milchbauern kam Euphorie auf. Sie bauten grosse St\u00e4lle und vergr\u00f6sserten ihre Kuhherden. Auch die Milchverarbeiter reagierten. Das bekannteste Beispiel ist Hochdorf, welche ihre Pulverkapazit\u00e4ten enorm ausbaute. Sie gingen davon aus, dass jetzt die grossen Milchmengen fliessen. Sie sahen sich gar in der &hellip; <\/p>\n<p class=\"link-more\"><a href=\"https:\/\/new.faire-milch.ch\/wordpress\/index.php\/2022\/09\/18\/der-nationalrat-erkennt-die-wichtigkeit-eines-kostendeckenden-milchpreises\/\" class=\"more-link\"><span class=\"screen-reader-text\">\u201eDer Nationalrat erkennt die Wichtigkeit eines kostendeckenden Milchpreises\u201c <\/span>weiterlesen<\/a><\/p>\n","protected":false},"author":1,"featured_media":0,"comment_status":"open","ping_status":"open","sticky":false,"template":"","format":"standard","meta":{"footnotes":""},"categories":[3],"tags":[14,15,13],"class_list":["post-185","post","type-post","status-publish","format-standard","hentry","category-newsletter","tag-importe","tag-kostendeckung","tag-milchquote"],"_links":{"self":[{"href":"https:\/\/new.faire-milch.ch\/wordpress\/index.php\/wp-json\/wp\/v2\/posts\/185","targetHints":{"allow":["GET"]}}],"collection":[{"href":"https:\/\/new.faire-milch.ch\/wordpress\/index.php\/wp-json\/wp\/v2\/posts"}],"about":[{"href":"https:\/\/new.faire-milch.ch\/wordpress\/index.php\/wp-json\/wp\/v2\/types\/post"}],"author":[{"embeddable":true,"href":"https:\/\/new.faire-milch.ch\/wordpress\/index.php\/wp-json\/wp\/v2\/users\/1"}],"replies":[{"embeddable":true,"href":"https:\/\/new.faire-milch.ch\/wordpress\/index.php\/wp-json\/wp\/v2\/comments?post=185"}],"version-history":[{"count":6,"href":"https:\/\/new.faire-milch.ch\/wordpress\/index.php\/wp-json\/wp\/v2\/posts\/185\/revisions"}],"predecessor-version":[{"id":273,"href":"https:\/\/new.faire-milch.ch\/wordpress\/index.php\/wp-json\/wp\/v2\/posts\/185\/revisions\/273"}],"wp:attachment":[{"href":"https:\/\/new.faire-milch.ch\/wordpress\/index.php\/wp-json\/wp\/v2\/media?parent=185"}],"wp:term":[{"taxonomy":"category","embeddable":true,"href":"https:\/\/new.faire-milch.ch\/wordpress\/index.php\/wp-json\/wp\/v2\/categories?post=185"},{"taxonomy":"post_tag","embeddable":true,"href":"https:\/\/new.faire-milch.ch\/wordpress\/index.php\/wp-json\/wp\/v2\/tags?post=185"}],"curies":[{"name":"wp","href":"https:\/\/api.w.org\/{rel}","templated":true}]}}