{"id":223,"date":"2020-09-06T19:04:00","date_gmt":"2020-09-06T19:04:00","guid":{"rendered":"https:\/\/faire-milch.ch\/wordpress\/?p=223"},"modified":"2022-09-22T10:17:18","modified_gmt":"2022-09-22T10:17:18","slug":"importbutter-schiesst-die-schweizer-marke-die-butter-ab","status":"publish","type":"post","link":"https:\/\/new.faire-milch.ch\/wordpress\/index.php\/2020\/09\/06\/importbutter-schiesst-die-schweizer-marke-die-butter-ab\/","title":{"rendered":"Importbutter schiesst die Schweizer Marke &#8222;Die Butter&#8220; ab!"},"content":{"rendered":"\n<p>Wir Milchbauern sind emp\u00f6rt! Im Detailhandel wird neuerdings Importbutter in der gleichen Verpackung wie &#8222;Die Butter&#8220; verkauft. Diese Marke war bisher ein Garant f\u00fcr Schweizer Butter. Als die Butterimporte in der BO Milch beschlossen wurden, herrschte noch Einigkeit dar\u00fcber, dass die Importbutter nicht unter dieser Marke verkauft wird. Der Detailhandel stellt jetzt aber klar, wer im Milchmarkt das Sagen hat. Den Schaden dieses Man\u00f6vers haben allein die Schweizer Milchb\u00e4uerinnen und Milchbauern, denn sie verlieren damit eine Marke, unter welcher ein grosser Teil der Schweizer Butter verkauft wird. Nebenbei wirft der Detailhandel sein ganzes Nachhaltigkeitskonzept \u00fcber den Haufen: Sorglos wird Importbutter in einer &#8222;Schweizerischen&#8220; Verpackung verkauft, welcher unter ganz anderen Bedingungen produziert wurde. W\u00e4hrend die Schweizer K\u00fche gentechfrei gef\u00fcttert werden und alle Schweizer K\u00fche an mindestens 90 Tagen nach draussen gehen, ringt man in Br\u00fcssel immer noch um ein Tierwohlprogramm und um eine Versch\u00e4rfung von Umweltauflagen, welche wir schon l\u00e4ngst umgesetzt haben. <\/p>\n\n\n\n<!--more-->\n\n\n\n<p>Das alles ist dem Lebensmittelhandel Wurst! Mit millionenteurer Werbung wurde &#8222;Die Butter&#8220; zu einer der bekanntesten Schweizer Marken. Siehe Video:<br><a href=\"https:\/\/www.youtube.com\/watch?v=TIdKkYHWacw\">https:\/\/www.youtube.com\/watch?v=TIdKkYHWacw<\/a><br>Das ist jetzt wohl alles f\u00fcr die Katz gewesen. BIG-M ist entt\u00e4uscht dar\u00fcber, dass unsere Verantwortlichen in den Milchverb\u00e4nden diese Wertvernichtung einfach hingenommen haben. Oder haben sie es noch gar nicht gemerkt? Auf der Homepage der BO Butter steht jedenfalls immer noch:&#8220;DIE BUTTER ist aus Schweizer Rahm hergestellt.&#8220;<\/p>\n\n\n\n<p>Wir von der b\u00e4uerlichen Interessengemeinschaft f\u00fcr einen fairen Milchmarkt BIG-M akzeptieren das nicht!<br>Die Konsequenz davon: Die Millionen f\u00fcr die Butterwerbung braucht es nicht mehr, um Importbutter anzupreisen. Diese k\u00f6nnen ab sofort sinnvoller verwendet werden indem man sie den Molkereimilchproduzenten auszahlt. Diese haben das dringend n\u00f6tig!<\/p>\n\n\n\n<p>Mit k\u00e4mpferischen Gr\u00fcssen&nbsp;<br>BIG-M<\/p>\n","protected":false},"excerpt":{"rendered":"<p>Wir Milchbauern sind emp\u00f6rt! Im Detailhandel wird neuerdings Importbutter in der gleichen Verpackung wie &#8222;Die Butter&#8220; verkauft. Diese Marke war bisher ein Garant f\u00fcr Schweizer Butter. Als die Butterimporte in der BO Milch beschlossen wurden, herrschte noch Einigkeit dar\u00fcber, dass die Importbutter nicht unter dieser Marke verkauft wird. Der Detailhandel stellt jetzt aber klar, wer &hellip; <\/p>\n<p class=\"link-more\"><a href=\"https:\/\/new.faire-milch.ch\/wordpress\/index.php\/2020\/09\/06\/importbutter-schiesst-die-schweizer-marke-die-butter-ab\/\" class=\"more-link\"><span class=\"screen-reader-text\">\u201eImportbutter schiesst die Schweizer Marke &#8222;Die Butter&#8220; ab!\u201c <\/span>weiterlesen<\/a><\/p>\n","protected":false},"author":1,"featured_media":0,"comment_status":"open","ping_status":"open","sticky":false,"template":"","format":"standard","meta":{"footnotes":""},"categories":[3],"tags":[12],"class_list":["post-223","post","type-post","status-publish","format-standard","hentry","category-newsletter","tag-butter"],"_links":{"self":[{"href":"https:\/\/new.faire-milch.ch\/wordpress\/index.php\/wp-json\/wp\/v2\/posts\/223","targetHints":{"allow":["GET"]}}],"collection":[{"href":"https:\/\/new.faire-milch.ch\/wordpress\/index.php\/wp-json\/wp\/v2\/posts"}],"about":[{"href":"https:\/\/new.faire-milch.ch\/wordpress\/index.php\/wp-json\/wp\/v2\/types\/post"}],"author":[{"embeddable":true,"href":"https:\/\/new.faire-milch.ch\/wordpress\/index.php\/wp-json\/wp\/v2\/users\/1"}],"replies":[{"embeddable":true,"href":"https:\/\/new.faire-milch.ch\/wordpress\/index.php\/wp-json\/wp\/v2\/comments?post=223"}],"version-history":[{"count":2,"href":"https:\/\/new.faire-milch.ch\/wordpress\/index.php\/wp-json\/wp\/v2\/posts\/223\/revisions"}],"predecessor-version":[{"id":296,"href":"https:\/\/new.faire-milch.ch\/wordpress\/index.php\/wp-json\/wp\/v2\/posts\/223\/revisions\/296"}],"wp:attachment":[{"href":"https:\/\/new.faire-milch.ch\/wordpress\/index.php\/wp-json\/wp\/v2\/media?parent=223"}],"wp:term":[{"taxonomy":"category","embeddable":true,"href":"https:\/\/new.faire-milch.ch\/wordpress\/index.php\/wp-json\/wp\/v2\/categories?post=223"},{"taxonomy":"post_tag","embeddable":true,"href":"https:\/\/new.faire-milch.ch\/wordpress\/index.php\/wp-json\/wp\/v2\/tags?post=223"}],"curies":[{"name":"wp","href":"https:\/\/api.w.org\/{rel}","templated":true}]}}