{"id":225,"date":"2020-08-02T15:32:00","date_gmt":"2020-08-02T15:32:00","guid":{"rendered":"https:\/\/faire-milch.ch\/wordpress\/?p=225"},"modified":"2022-09-22T15:52:05","modified_gmt":"2022-09-22T15:52:05","slug":"butter-und-kaeseimporte-steigen-der-milchpreis-nicht","status":"publish","type":"post","link":"https:\/\/new.faire-milch.ch\/wordpress\/index.php\/2020\/08\/02\/butter-und-kaeseimporte-steigen-der-milchpreis-nicht\/","title":{"rendered":"Butter und K\u00e4seimporte steigen &#8211; der Milchpreis nicht"},"content":{"rendered":"\n<p>Die Coronakrise hat die K\u00e4seimporte in die H\u00f6he katapultiert. Gem\u00e4ss Switzerland cheese Marketing wurden in den ersten 5 Monaten dieses Jahres 29700 Tonnen K\u00e4se importiert und nur 28700 Tonnen exportiert. Der Lebensmitteleinzelhandel setzte in den L\u00e4den viel mehr K\u00e4se ab, doch diese zus\u00e4tzlichen Mengen kaufte er im Ausland ein. Damit verliert der LEH seine Glaubw\u00fcrdigkeit vollends. Man kann nicht den Einkaufstourismus als unpatriotisch beklagen und bei der erstbesten Gelegenheit selber lastwagenweise noch mehr importieren!<\/p>\n\n\n\n<!--more-->\n\n\n\n<p>Die Schweizer Milchb\u00e4uerinnen und Milchbauern machen schwierige Zeiten durch. Wir lesen in den Zeitungen, dass der Schweiz ein Buttermangel droht und dass bei uns w\u00e4hrend des Lockdowns viel mehr Frischk\u00e4se verkauft worden ist. Von diesen f\u00fcr uns eigentlich positiven Marktmeldungen sp\u00fcren die Milchbauern nichts. Da l\u00e4uft doch einiges schief. Rekordhohe K\u00e4seimporte und dazu noch3000 Tonnen Butterimporte und der Milchpreis bleibt wo er ist: Der Schweizer Milchmarkt ist und bleibt ein Machtspiel in dem die Bauern als Verlierer dastehen.<\/p>\n\n\n\n<p>F\u00fcr BIGM stellt sich die Frage, warum sich die Milchbranche weigert, dass unsere hochqualitative Schweizer Milch dort verarbeitet wird, wo der beste Milchpreis generiert werden kann. Bitter wird ein Blick in die Statistik der Oberzolldirektion. Die Schweiz exportierte in den Monaten M\u00e4rz bis Juni 297000 Kilo Halbhartk\u00e4se nach Italien. Zu eigentlichen Ramschpreisen: M\u00e4rz 3.40, April 3.20, Mai 2.70 und Juni 2.80 pro Kilo. Nach wie vor ist es ein Branchengeheimnis, welche Hersteller bei diesen Skandalexporten mitmachen. &#8222;Alle wissen zwar Bescheid, aber niemand sagt etwas.&#8220; Solange dieses Credo f\u00fcr die Milchbranche gilt, kann sich nichts \u00e4ndern. Irgendwann reicht es aber!<\/p>\n\n\n\n<p>Mit k\u00e4mpferischen Gr\u00fcssen&nbsp;<br>BIG-M<\/p>\n","protected":false},"excerpt":{"rendered":"<p>Die Coronakrise hat die K\u00e4seimporte in die H\u00f6he katapultiert. Gem\u00e4ss Switzerland cheese Marketing wurden in den ersten 5 Monaten dieses Jahres 29700 Tonnen K\u00e4se importiert und nur 28700 Tonnen exportiert. Der Lebensmitteleinzelhandel setzte in den L\u00e4den viel mehr K\u00e4se ab, doch diese zus\u00e4tzlichen Mengen kaufte er im Ausland ein. Damit verliert der LEH seine Glaubw\u00fcrdigkeit &hellip; <\/p>\n<p class=\"link-more\"><a href=\"https:\/\/new.faire-milch.ch\/wordpress\/index.php\/2020\/08\/02\/butter-und-kaeseimporte-steigen-der-milchpreis-nicht\/\" class=\"more-link\"><span class=\"screen-reader-text\">\u201eButter und K\u00e4seimporte steigen &#8211; der Milchpreis nicht\u201c <\/span>weiterlesen<\/a><\/p>\n","protected":false},"author":1,"featured_media":0,"comment_status":"open","ping_status":"open","sticky":false,"template":"","format":"standard","meta":{"footnotes":""},"categories":[3],"tags":[12],"class_list":["post-225","post","type-post","status-publish","format-standard","hentry","category-newsletter","tag-butter"],"_links":{"self":[{"href":"https:\/\/new.faire-milch.ch\/wordpress\/index.php\/wp-json\/wp\/v2\/posts\/225","targetHints":{"allow":["GET"]}}],"collection":[{"href":"https:\/\/new.faire-milch.ch\/wordpress\/index.php\/wp-json\/wp\/v2\/posts"}],"about":[{"href":"https:\/\/new.faire-milch.ch\/wordpress\/index.php\/wp-json\/wp\/v2\/types\/post"}],"author":[{"embeddable":true,"href":"https:\/\/new.faire-milch.ch\/wordpress\/index.php\/wp-json\/wp\/v2\/users\/1"}],"replies":[{"embeddable":true,"href":"https:\/\/new.faire-milch.ch\/wordpress\/index.php\/wp-json\/wp\/v2\/comments?post=225"}],"version-history":[{"count":2,"href":"https:\/\/new.faire-milch.ch\/wordpress\/index.php\/wp-json\/wp\/v2\/posts\/225\/revisions"}],"predecessor-version":[{"id":298,"href":"https:\/\/new.faire-milch.ch\/wordpress\/index.php\/wp-json\/wp\/v2\/posts\/225\/revisions\/298"}],"wp:attachment":[{"href":"https:\/\/new.faire-milch.ch\/wordpress\/index.php\/wp-json\/wp\/v2\/media?parent=225"}],"wp:term":[{"taxonomy":"category","embeddable":true,"href":"https:\/\/new.faire-milch.ch\/wordpress\/index.php\/wp-json\/wp\/v2\/categories?post=225"},{"taxonomy":"post_tag","embeddable":true,"href":"https:\/\/new.faire-milch.ch\/wordpress\/index.php\/wp-json\/wp\/v2\/tags?post=225"}],"curies":[{"name":"wp","href":"https:\/\/api.w.org\/{rel}","templated":true}]}}