{"id":227,"date":"2020-07-03T21:20:00","date_gmt":"2020-07-03T21:20:00","guid":{"rendered":"https:\/\/faire-milch.ch\/wordpress\/?p=227"},"modified":"2022-09-22T15:51:43","modified_gmt":"2022-09-22T15:51:43","slug":"das-dilemma-der-milchkaeufer","status":"publish","type":"post","link":"https:\/\/new.faire-milch.ch\/wordpress\/index.php\/2020\/07\/03\/das-dilemma-der-milchkaeufer\/","title":{"rendered":"Das Dilemma der Milchk\u00e4ufer"},"content":{"rendered":"\n<p>Das Debakel rund um die Butterimporte eskaliert in einen offenen Streit. Die BO Milch hat ja beschlossen 1000 Tonnen Butter zu importieren mit der Zusicherung, dass der inl\u00e4ndische Fettpreis angehoben wird und dadurch der Milchpreis steigt. Leider sind Zusicherungen abgeben oder Zusicherungen einhalten im Milchmarkt nicht das Gleiche. Die Proteste der Bauernverb\u00e4nde sind absolut berechtigt. Das wiederum provoziert die SMP, welche mit drei Vertretern im Vorstand der BOM Einsitz haben. Sie versuchen darum mit einer nachgelieferten Erkl\u00e4rung, die Schuld von sich zu weisen. Bemerkenswert ist dabei die Aussage, dass sich die SMP in der BOM (Zitat) &#8222;als einzige und bis zum Schluss gegen die Importforderungen gewehrt haben&#8220;. <\/p>\n\n\n\n<!--more-->\n\n\n\n<p>BIG-M schaut darum genau hin, wer denn die anderen 7 Produzentenvertreter im BOM Vorstand sind:<\/p>\n\n\n\n<p>Rudolf Bigler , Aaremilch<br>Sepp D\u00f6rig, PO Ostschweiz<br>Christian Banga, MIBA<br>J\u00fcrg Dummermuth, Mittellandmilch<br>Pirmin Furrer, ZMP<br>Mireille Hirt, BPLC<br>Rene Schwager, Mooh<\/p>\n\n\n\n<p>F\u00fcr BIG-M wirft dies die Frage auf &nbsp;ob die Vertretung der Milchb\u00e4uerinnen und Milchbauern nicht grunds\u00e4tzlich \u00fcberdacht werden muss. Eine Produzentenvertretung soll sich hart f\u00fcr die Bauern einsetzen k\u00f6nnen, so dass am Schluss auch die Gegenseite in einem fairen Kompromiss Haare lassen muss. Das ist heute nicht m\u00f6glich. Wie soll ein Milchh\u00e4ndler hart bleiben k\u00f6nnen, wenn gegen\u00fcber diejenige Person sitzt, der er am anderen Tag wieder Milch zu guten Konditionen verkaufen muss? Und das in einem Marktumfeld, wo unkontrollierbare Milchmengen die Preise bestimmen. Da besteht doch immer die Gefahr einer Retourkutsche. Das bedeutet, dass der Milchh\u00e4ndler seinen Lieferanten einen schlechteren Preis bezahlen muss. Diese Leute sind doch unter einem Druck, der ihnen eine harte Produzentenvertretung verunm\u00f6glicht.<\/p>\n\n\n\n<p>Gegenseitige Schuldzuwendungen helfen uns nach diesem Desaster nicht weiter. Jetzt muss ernsthaft dar\u00fcber diskutiert werden, welche Produzentenvertreter in der BOM auf der Seite Produktion Einsitz haben sollen. Diese Frage darf nicht mehr l\u00e4nger vor sich her geschoben werden. BIG-M stellt sich auf den Standpunkt, dass ein Produzentenvertreter nicht zugleich ein Mandat bei einem Milchh\u00e4ndler oder Verarbeiter haben darf.<\/p>\n\n\n\n<p>Mit k\u00e4mpferischen Gr\u00fcssen&nbsp;<br>BIG-M<\/p>\n","protected":false},"excerpt":{"rendered":"<p>Das Debakel rund um die Butterimporte eskaliert in einen offenen Streit. Die BO Milch hat ja beschlossen 1000 Tonnen Butter zu importieren mit der Zusicherung, dass der inl\u00e4ndische Fettpreis angehoben wird und dadurch der Milchpreis steigt. Leider sind Zusicherungen abgeben oder Zusicherungen einhalten im Milchmarkt nicht das Gleiche. Die Proteste der Bauernverb\u00e4nde sind absolut berechtigt. &hellip; <\/p>\n<p class=\"link-more\"><a href=\"https:\/\/new.faire-milch.ch\/wordpress\/index.php\/2020\/07\/03\/das-dilemma-der-milchkaeufer\/\" class=\"more-link\"><span class=\"screen-reader-text\">\u201eDas Dilemma der Milchk\u00e4ufer\u201c <\/span>weiterlesen<\/a><\/p>\n","protected":false},"author":1,"featured_media":0,"comment_status":"open","ping_status":"open","sticky":false,"template":"","format":"standard","meta":{"footnotes":""},"categories":[3],"tags":[],"class_list":["post-227","post","type-post","status-publish","format-standard","hentry","category-newsletter"],"_links":{"self":[{"href":"https:\/\/new.faire-milch.ch\/wordpress\/index.php\/wp-json\/wp\/v2\/posts\/227","targetHints":{"allow":["GET"]}}],"collection":[{"href":"https:\/\/new.faire-milch.ch\/wordpress\/index.php\/wp-json\/wp\/v2\/posts"}],"about":[{"href":"https:\/\/new.faire-milch.ch\/wordpress\/index.php\/wp-json\/wp\/v2\/types\/post"}],"author":[{"embeddable":true,"href":"https:\/\/new.faire-milch.ch\/wordpress\/index.php\/wp-json\/wp\/v2\/users\/1"}],"replies":[{"embeddable":true,"href":"https:\/\/new.faire-milch.ch\/wordpress\/index.php\/wp-json\/wp\/v2\/comments?post=227"}],"version-history":[{"count":2,"href":"https:\/\/new.faire-milch.ch\/wordpress\/index.php\/wp-json\/wp\/v2\/posts\/227\/revisions"}],"predecessor-version":[{"id":297,"href":"https:\/\/new.faire-milch.ch\/wordpress\/index.php\/wp-json\/wp\/v2\/posts\/227\/revisions\/297"}],"wp:attachment":[{"href":"https:\/\/new.faire-milch.ch\/wordpress\/index.php\/wp-json\/wp\/v2\/media?parent=227"}],"wp:term":[{"taxonomy":"category","embeddable":true,"href":"https:\/\/new.faire-milch.ch\/wordpress\/index.php\/wp-json\/wp\/v2\/categories?post=227"},{"taxonomy":"post_tag","embeddable":true,"href":"https:\/\/new.faire-milch.ch\/wordpress\/index.php\/wp-json\/wp\/v2\/tags?post=227"}],"curies":[{"name":"wp","href":"https:\/\/api.w.org\/{rel}","templated":true}]}}