{"id":235,"date":"2020-01-27T13:52:00","date_gmt":"2020-01-27T13:52:00","guid":{"rendered":"https:\/\/faire-milch.ch\/wordpress\/?p=235"},"modified":"2022-09-22T16:03:33","modified_gmt":"2022-09-22T16:03:33","slug":"die-schweizer-milchproduzenten-feiern-sich","status":"publish","type":"post","link":"https:\/\/new.faire-milch.ch\/wordpress\/index.php\/2020\/01\/27\/die-schweizer-milchproduzenten-feiern-sich\/","title":{"rendered":"Die Schweizer Milchproduzenten feiern sich"},"content":{"rendered":"\n<p>Die Dachorganisation der Schweizer Milchproduzenten SMP k\u00e4mpft um seine Berechtigung. In seinem Jahresr\u00fcckblick feiert er seine Erfolge mit dem gr\u00fcnen Teppich, welcher ja ab September gilt und f\u00fcr A Milch einen Preisaufschlag von 3 Rappen pro Kilo bedeuten w\u00fcrde. Sie schreiben:&#8220; Seit Einf\u00fchrung des gr\u00fcnen Teppichs liegt der A-Preis 4 Rappen \u00fcber dem Vorjahr, w\u00e4hrend er in der ersten Jahresh\u00e4lfte noch 2 Rappen unter dem Vorjahr lag.&#8220;<\/p>\n\n\n\n<!--more-->\n\n\n\n<p>BIG-M hat die Milchauszahlungspreise der vergangenen Monate analysiert und festgestellt, dass Anfang 2019 die Milchk\u00e4ufer bei sinkender Milchmenge zugleich den Milchpreis gesenkt haben, um dann im September einen scheinbaren Zuschlag f\u00fcr den gr\u00fcnen Teppich bezahlen zu k\u00f6nnen, ohne den Milchpreis effektiv erh\u00f6hen zu m\u00fcssen.<\/p>\n\n\n\n<p>Im Bericht wird auch erw\u00e4hnt, dass der Anteil A-Milch im 2. Halbjahr 2019 um 12% gesunken ist. BIG-M erkl\u00e4rt: Wenn f\u00fcr die A Milch ab dem 1. September der Preis um 3 Rappen steigen sollte, dann wird eben einfach schlecht bezahlte A Milch als gutbezahlte B Milch deklariert. F\u00fcr die Statistik bedeutet das, dass sowohl der durchschnittliche A-Preis als auch der durchschnittliche B-Preis steigen. Nur leider hat der Milchbauer dadurch noch keinen h\u00f6heren Milchpreis. Da 12% der Milch so verschoben wurden, ist der ausgewiesene h\u00f6here A-Preis geradezu l\u00e4cherlich und wiederspiegelt kaum die l\u00e4ngst f\u00e4llige Milchpreiserh\u00f6hung durch die stetig sinkende Milchmenge. Der gr\u00fcne Teppich dient also einzig und allein den Verarbeitern und Detailh\u00e4ndlern, welche dadurch ein Argument bekommen ihre Marge nochmals zu erh\u00f6hen. Die Milchb\u00e4uerinnen und Milchbauern bleiben weiterhin im Hamsterrad der Marktm\u00e4chtigen gefangen.<\/p>\n\n\n\n<p>Die Konsequenzen aus dieser beklemmenden &nbsp;Tatsache hat nun auch das Profi Lait Forum letzte Woche gezogen. Sie stellen die T\u00e4tigkeiten ein. Einst war das Forum gegr\u00fcndet worden mit der Vision:&#8220; Profi-Lait etabliert sich als treibende Kraft zur Steigerung der Wettbewerbsf\u00e4higkeit der Schweizer Milchproduzenten.&#8220; Mittlerweile ist klar: Jede Verbesserung der Tiergesundheit, der Haltung und der F\u00fctterung, jede noch so professionelle Steigerung der Milchleistung und des Herdenmanagements k\u00f6nnen die Zukunft der Milchproduktion nicht sicherstellen, wenn der Milchpreis die Kosten nicht deckt. Um dies zu erreichen muss der Hebel anderswo angesetzt werden.<\/p>\n\n\n\n<p>Ein erster Schritt in diese andere Richtung ist, dass sich die Organisationen der Milchbauern ausschliesslich f\u00fcr die Interessen der Milchviehbetriebe einsetzen und aufh\u00f6ren, die Machenschaften der Verarbeiter und Detailh\u00e4ndler zu decken. Die Milchproduzent\/innen sind von Gesetzes wegen leider gezwungen Verbandsabgaben zu bezahlen. Liebe SMP, wir fordern euch auf endlich Farbe zu bekennen: Entweder ihr vertretet ausschliesslich die Milchb\u00e4uerinnen und Milchbauern oder ihr erkl\u00e4rt die noch obligatorischen Beitr\u00e4ge f\u00fcr den SMP als freiwillig. Dass sich immer mehr Milchproduzenten vom SMP abwenden, sollte ein Warnsignal f\u00fcr die Vorst\u00e4nde sein. Immerhin hat sich der prozentuale Anteil der Nichtmitglieder in den letzten zehn Jahren verdoppelt. Dieser Trend ist eindeutig!<\/p>\n\n\n\n<p>Mit k\u00e4mpferischen Gr\u00fcssen&nbsp;<br>BIG-M<\/p>\n\n\n\n<p><\/p>\n","protected":false},"excerpt":{"rendered":"<p>Die Dachorganisation der Schweizer Milchproduzenten SMP k\u00e4mpft um seine Berechtigung. In seinem Jahresr\u00fcckblick feiert er seine Erfolge mit dem gr\u00fcnen Teppich, welcher ja ab September gilt und f\u00fcr A Milch einen Preisaufschlag von 3 Rappen pro Kilo bedeuten w\u00fcrde. Sie schreiben:&#8220; Seit Einf\u00fchrung des gr\u00fcnen Teppichs liegt der A-Preis 4 Rappen \u00fcber dem Vorjahr, w\u00e4hrend &hellip; <\/p>\n<p class=\"link-more\"><a href=\"https:\/\/new.faire-milch.ch\/wordpress\/index.php\/2020\/01\/27\/die-schweizer-milchproduzenten-feiern-sich\/\" class=\"more-link\"><span class=\"screen-reader-text\">\u201eDie Schweizer Milchproduzenten feiern sich\u201c <\/span>weiterlesen<\/a><\/p>\n","protected":false},"author":1,"featured_media":0,"comment_status":"open","ping_status":"open","sticky":false,"template":"","format":"standard","meta":{"footnotes":""},"categories":[3],"tags":[],"class_list":["post-235","post","type-post","status-publish","format-standard","hentry","category-newsletter"],"_links":{"self":[{"href":"https:\/\/new.faire-milch.ch\/wordpress\/index.php\/wp-json\/wp\/v2\/posts\/235","targetHints":{"allow":["GET"]}}],"collection":[{"href":"https:\/\/new.faire-milch.ch\/wordpress\/index.php\/wp-json\/wp\/v2\/posts"}],"about":[{"href":"https:\/\/new.faire-milch.ch\/wordpress\/index.php\/wp-json\/wp\/v2\/types\/post"}],"author":[{"embeddable":true,"href":"https:\/\/new.faire-milch.ch\/wordpress\/index.php\/wp-json\/wp\/v2\/users\/1"}],"replies":[{"embeddable":true,"href":"https:\/\/new.faire-milch.ch\/wordpress\/index.php\/wp-json\/wp\/v2\/comments?post=235"}],"version-history":[{"count":2,"href":"https:\/\/new.faire-milch.ch\/wordpress\/index.php\/wp-json\/wp\/v2\/posts\/235\/revisions"}],"predecessor-version":[{"id":313,"href":"https:\/\/new.faire-milch.ch\/wordpress\/index.php\/wp-json\/wp\/v2\/posts\/235\/revisions\/313"}],"wp:attachment":[{"href":"https:\/\/new.faire-milch.ch\/wordpress\/index.php\/wp-json\/wp\/v2\/media?parent=235"}],"wp:term":[{"taxonomy":"category","embeddable":true,"href":"https:\/\/new.faire-milch.ch\/wordpress\/index.php\/wp-json\/wp\/v2\/categories?post=235"},{"taxonomy":"post_tag","embeddable":true,"href":"https:\/\/new.faire-milch.ch\/wordpress\/index.php\/wp-json\/wp\/v2\/tags?post=235"}],"curies":[{"name":"wp","href":"https:\/\/api.w.org\/{rel}","templated":true}]}}