{"id":239,"date":"2019-12-08T20:40:00","date_gmt":"2019-12-08T20:40:00","guid":{"rendered":"https:\/\/faire-milch.ch\/wordpress\/?p=239"},"modified":"2022-09-22T16:02:47","modified_gmt":"2022-09-22T16:02:47","slug":"zuwenig-milch-doch-der-milchpreis-sinkt","status":"publish","type":"post","link":"https:\/\/new.faire-milch.ch\/wordpress\/index.php\/2019\/12\/08\/zuwenig-milch-doch-der-milchpreis-sinkt\/","title":{"rendered":"Zuwenig Milch &#8211; doch der Milchpreis sinkt!"},"content":{"rendered":"\n<p>Wieder einmal m\u00fcssen die Milchb\u00e4uerinnen und Milchbauern eine bittere Pille schlucken. Die Migros verkauft Importbutter wegen \u00abRohstoffmangel\u00bb, wie sie auf der Packung deklariert.Wer nun glaubt, dass dieser Milchmangel zu einem besseren Milchpreis f\u00fchrt irrt sich: F\u00fcr die meisten Milchb\u00e4uerinnen und Milchbauern steigt im Dezember der Milchpreis nicht &#8211; sondern er sinkt sogar noch!!! Und alle reden immer vom Markt! Sp\u00e4testens jetzt ist bewiesen, dass man permanent versucht uns f\u00fcr dumm zu verkaufen.<\/p>\n\n\n\n<!--more-->\n\n\n\n<p>BIG-M analysiert die Situation kritisch. Die Migros erkl\u00e4rte gegen\u00fcber dem Schweizerbauer: \u00abDie Elsa hatte ihren Rahmbedarf korrekt geplant, wurde aber aufgrund der Milchknappheit nicht im vorgesehenen Umfang beliefert. Zudem sind die Butterlager leer.\u00bb Das ist eine pure Falschinformation! Sp\u00e4testens seit &nbsp;dem Juni war dieser Mangel absehbar. Die Marktakteure h\u00e4tten es in der Hand gehabt, diese kommende Mangelsituation zu vermeiden. Denn es wird immer noch viel zu viel Milch zu Ramschpreisen im B &#8211; Segment \u00abverwertet\u00bb. F\u00fcr diese Milch wird gerade mal 40 Rappen pro Liter bezahlt. 40 Rappen ist ein Durchschnittspreis, es wird also auch B- Milch zu Preisen von 35 Rappen verramscht. Es w\u00e4re ein Gebot der Vernunft gewesen, wenn man auf die schlechteste Verwertungsart verzichtet h\u00e4tte, und mit dieser Milch Butter hergestellt h\u00e4tte. Offenbar sind die Marktakteure aber nicht bereit f\u00fcr L\u00f6sungen, von denen die B\u00e4uerinnen und Bauern direkt profitieren k\u00f6nnen.<\/p>\n\n\n\n<p>Interessant ist auch, dass die Migros von einer Mangelsituation spricht, w\u00e4hrend die COOP die Butter verschleudert: Sie bietet aktuell den hochwertigen Schweizer Butter zum Aktionspreis an!<\/p>\n\n\n\n<p>Diese Zust\u00e4nde im Milchmarkt zeigen eines auf: Wir sind in der Schweiz noch weit von einem Fairen Milchmarkt entfernt . Leider. Der Milchmarkt braucht dringend Leitplanken, damit auch die Milchb\u00e4uerinnen und Milchbauern an der Wertsch\u00f6pfungskette beteiligt sind. Das bedeutet, dass BIG-M weiterk\u00e4mpfen muss. Zusammen mit unseren europ\u00e4ischen Verb\u00fcndeten vom European Milkboard setzen wir uns ein f\u00fcr faire Rahmenbedingungen, welche der Milchproduktion wieder eine Zukunft erm\u00f6glichen, auch f\u00fcr junge B\u00e4uerinnen und Bauern.<\/p>\n\n\n\n<p>Unser n\u00e4chster Termin: Unsere BIG-M Jahresversammlung am 13. Dezember um 20.00 Uhr auf dem Hof der Familie Duperrex, St\u00f6ckweid, 8934 Uttenberg. Ab 19.30 Uhr wird ein Imbiss offeriert. Es gilt, f\u00fcr den abtretenden Pr\u00e4sidenten, Martin Haab, einen Ersatz zu w\u00e4hlen. Diese Veranstaltung ist \u00f6ffentlich. Alle sind herzlich eingeladen.<\/p>\n\n\n\n<p>Mit k\u00e4mpferischen Gr\u00fcssen&nbsp;<br>BIG-M<\/p>\n","protected":false},"excerpt":{"rendered":"<p>Wieder einmal m\u00fcssen die Milchb\u00e4uerinnen und Milchbauern eine bittere Pille schlucken. Die Migros verkauft Importbutter wegen \u00abRohstoffmangel\u00bb, wie sie auf der Packung deklariert.Wer nun glaubt, dass dieser Milchmangel zu einem besseren Milchpreis f\u00fchrt irrt sich: F\u00fcr die meisten Milchb\u00e4uerinnen und Milchbauern steigt im Dezember der Milchpreis nicht &#8211; sondern er sinkt sogar noch!!! Und alle &hellip; <\/p>\n<p class=\"link-more\"><a href=\"https:\/\/new.faire-milch.ch\/wordpress\/index.php\/2019\/12\/08\/zuwenig-milch-doch-der-milchpreis-sinkt\/\" class=\"more-link\"><span class=\"screen-reader-text\">\u201eZuwenig Milch &#8211; doch der Milchpreis sinkt!\u201c <\/span>weiterlesen<\/a><\/p>\n","protected":false},"author":1,"featured_media":0,"comment_status":"open","ping_status":"open","sticky":false,"template":"","format":"standard","meta":{"footnotes":""},"categories":[3],"tags":[],"class_list":["post-239","post","type-post","status-publish","format-standard","hentry","category-newsletter"],"_links":{"self":[{"href":"https:\/\/new.faire-milch.ch\/wordpress\/index.php\/wp-json\/wp\/v2\/posts\/239","targetHints":{"allow":["GET"]}}],"collection":[{"href":"https:\/\/new.faire-milch.ch\/wordpress\/index.php\/wp-json\/wp\/v2\/posts"}],"about":[{"href":"https:\/\/new.faire-milch.ch\/wordpress\/index.php\/wp-json\/wp\/v2\/types\/post"}],"author":[{"embeddable":true,"href":"https:\/\/new.faire-milch.ch\/wordpress\/index.php\/wp-json\/wp\/v2\/users\/1"}],"replies":[{"embeddable":true,"href":"https:\/\/new.faire-milch.ch\/wordpress\/index.php\/wp-json\/wp\/v2\/comments?post=239"}],"version-history":[{"count":2,"href":"https:\/\/new.faire-milch.ch\/wordpress\/index.php\/wp-json\/wp\/v2\/posts\/239\/revisions"}],"predecessor-version":[{"id":311,"href":"https:\/\/new.faire-milch.ch\/wordpress\/index.php\/wp-json\/wp\/v2\/posts\/239\/revisions\/311"}],"wp:attachment":[{"href":"https:\/\/new.faire-milch.ch\/wordpress\/index.php\/wp-json\/wp\/v2\/media?parent=239"}],"wp:term":[{"taxonomy":"category","embeddable":true,"href":"https:\/\/new.faire-milch.ch\/wordpress\/index.php\/wp-json\/wp\/v2\/categories?post=239"},{"taxonomy":"post_tag","embeddable":true,"href":"https:\/\/new.faire-milch.ch\/wordpress\/index.php\/wp-json\/wp\/v2\/tags?post=239"}],"curies":[{"name":"wp","href":"https:\/\/api.w.org\/{rel}","templated":true}]}}