{"id":243,"date":"2019-11-01T17:27:00","date_gmt":"2019-11-01T17:27:00","guid":{"rendered":"https:\/\/faire-milch.ch\/wordpress\/?p=243"},"modified":"2022-09-22T16:02:02","modified_gmt":"2022-09-22T16:02:02","slug":"politisches-engagement-fordert","status":"publish","type":"post","link":"https:\/\/new.faire-milch.ch\/wordpress\/index.php\/2019\/11\/01\/politisches-engagement-fordert\/","title":{"rendered":"Politisches Engagement fordert"},"content":{"rendered":"\n<p>In den kommenden Monaten werden die Weichen f\u00fcr die Landwirtschaft in der Schweiz neu gestellt: Die Sieger der Parlamentswahlen, die Gr\u00fcnen und die Gr\u00fcnliberalen, haben angek\u00fcndigt, dass sie in Sachen Umwelt und Klimapolitik konkrete Ergebnisse anstreben. Dies wird sich auch in der Ausgestaltung der Agrarpolitik 22+ niederschlagen. Zudem stehen in absehbarer Zeit Volksabstimmungen \u00fcber ein generelles Pestizidverbot und ein Verbot der Massentierhaltung an.<\/p>\n\n\n\n<!--more-->\n\n\n\n<p>Unser Pr\u00e4sident Martin Haab ist f\u00fcr die n\u00e4chsten 4 Jahre als Mitglied des eidgen\u00f6ssischen Parlamentes gew\u00e4hlt. Mit seinem umfassenden Wissen aus der landwirtschaftlichen Praxis wird er die Diskussionen massgeblich mitpr\u00e4gen versuchen, sei es im Nationalrat oder in den Kommissionen. Auch neben dem Ratsbetrieb nutzt er viele M\u00f6glichkeiten, sich in Bern an den verschiedensten Treffen mit anderen auszutauschen. Seine Agenda ist randvoll!<\/p>\n\n\n\n<p>An der letzten BIG-M Vorstandssitzung hat Martin Haab eindr\u00fccklich geschildert, was er alles macht und was er nicht auch noch machen kann, obwohl er gerne m\u00f6chte. Er \u00e4usserte den Wunsch, das BIG-M Pr\u00e4sidium abzugeben. Der Vorstand hat daf\u00fcr Verst\u00e4ndnis. Jeder Mensch hat seine Grenzen, und es ist niemandem gedient, wenn sich ein Pr\u00e4sident gesundheitlich ruiniert. Wir danken Martin Haab an dieser Stelle von Herzen f\u00fcr seinen unerm\u00fcdlichen Einsatz f\u00fcr die B\u00e4uerinnen und Bauern. Eine offizielle Verabschiedung wird an unserer Jahresversammlung vom 13. Dezember 2019 stattfinden. Eine detaillierte Einladung wird demn\u00e4chst versendet.<\/p>\n\n\n\n<p>Mit k\u00e4mpferischen Gr\u00fcssen&nbsp;<br>BIG-M<\/p>\n","protected":false},"excerpt":{"rendered":"<p>In den kommenden Monaten werden die Weichen f\u00fcr die Landwirtschaft in der Schweiz neu gestellt: Die Sieger der Parlamentswahlen, die Gr\u00fcnen und die Gr\u00fcnliberalen, haben angek\u00fcndigt, dass sie in Sachen Umwelt und Klimapolitik konkrete Ergebnisse anstreben. Dies wird sich auch in der Ausgestaltung der Agrarpolitik 22+ niederschlagen. Zudem stehen in absehbarer Zeit Volksabstimmungen \u00fcber ein &hellip; <\/p>\n<p class=\"link-more\"><a href=\"https:\/\/new.faire-milch.ch\/wordpress\/index.php\/2019\/11\/01\/politisches-engagement-fordert\/\" class=\"more-link\"><span class=\"screen-reader-text\">\u201ePolitisches Engagement fordert\u201c <\/span>weiterlesen<\/a><\/p>\n","protected":false},"author":1,"featured_media":0,"comment_status":"open","ping_status":"open","sticky":false,"template":"","format":"standard","meta":{"footnotes":""},"categories":[3],"tags":[],"class_list":["post-243","post","type-post","status-publish","format-standard","hentry","category-newsletter"],"_links":{"self":[{"href":"https:\/\/new.faire-milch.ch\/wordpress\/index.php\/wp-json\/wp\/v2\/posts\/243","targetHints":{"allow":["GET"]}}],"collection":[{"href":"https:\/\/new.faire-milch.ch\/wordpress\/index.php\/wp-json\/wp\/v2\/posts"}],"about":[{"href":"https:\/\/new.faire-milch.ch\/wordpress\/index.php\/wp-json\/wp\/v2\/types\/post"}],"author":[{"embeddable":true,"href":"https:\/\/new.faire-milch.ch\/wordpress\/index.php\/wp-json\/wp\/v2\/users\/1"}],"replies":[{"embeddable":true,"href":"https:\/\/new.faire-milch.ch\/wordpress\/index.php\/wp-json\/wp\/v2\/comments?post=243"}],"version-history":[{"count":2,"href":"https:\/\/new.faire-milch.ch\/wordpress\/index.php\/wp-json\/wp\/v2\/posts\/243\/revisions"}],"predecessor-version":[{"id":309,"href":"https:\/\/new.faire-milch.ch\/wordpress\/index.php\/wp-json\/wp\/v2\/posts\/243\/revisions\/309"}],"wp:attachment":[{"href":"https:\/\/new.faire-milch.ch\/wordpress\/index.php\/wp-json\/wp\/v2\/media?parent=243"}],"wp:term":[{"taxonomy":"category","embeddable":true,"href":"https:\/\/new.faire-milch.ch\/wordpress\/index.php\/wp-json\/wp\/v2\/categories?post=243"},{"taxonomy":"post_tag","embeddable":true,"href":"https:\/\/new.faire-milch.ch\/wordpress\/index.php\/wp-json\/wp\/v2\/tags?post=243"}],"curies":[{"name":"wp","href":"https:\/\/api.w.org\/{rel}","templated":true}]}}