{"id":255,"date":"2019-03-04T21:49:00","date_gmt":"2019-03-04T21:49:00","guid":{"rendered":"https:\/\/faire-milch.ch\/wordpress\/?p=255"},"modified":"2022-09-22T15:59:38","modified_gmt":"2022-09-22T15:59:38","slug":"eine-agrarpolitik-fuer-die-lebensmittelindustrie","status":"publish","type":"post","link":"https:\/\/new.faire-milch.ch\/wordpress\/index.php\/2019\/03\/04\/eine-agrarpolitik-fuer-die-lebensmittelindustrie\/","title":{"rendered":"Eine Agrarpolitik f\u00fcr die Lebensmittelindustrie"},"content":{"rendered":"\n<p>Die abgetretene Bundesr\u00e4tin Leuthard, welche von 2006 bis 2010 auch Schweizer Agrarministerin war, wurde gem\u00e4ss Sonntagszeitung von den Grossverteilern Migros und Coop, welche 75% des CH Detailhandels beherrschen, als k\u00fcnftige Verwaltungsr\u00e4tin umworben. Das Rennen hat Coop gemacht. Dieser &#8222;Jobwechsel&#8220; erinnert BIG-M an den Jobwechsel von Alt Bundesrat Josef Deiss. Dieser war von 2003 bis 2006 Agrarminister. Nach seinem R\u00fccktritt aus der Landesregierung nahm er Einsitz in den VR des gr\u00f6ssten Milchverarbeiters EMMI. Unter diesen beiden Magistraten stand das Bundesamt f\u00fcr Landwirtschaft unter der Leitung von Direktor Manfred B\u00f6tsch. Dieser wechselte nach seinem R\u00fccktritt zur Migros und wurde dort Leiter Direktion Nachhaltigkeit.<\/p>\n\n\n\n<!--more-->\n\n\n\n<p>Was BIG-M immer kritisiert hat ist die Tatsache, dass die Agrarpolitik eine Politik zugunsten der Lebensmittelindustrie und des Detailhandels ist. Anders l\u00e4sst sich nicht erkl\u00e4ren warum die Politik bloss zuschaut, wie sich die Schweizer Milchbauern mit \u00dcbersch\u00fcssen zugrunde melken, w\u00e4hrend die Verarbeitung und der Handel Rekordgewinne schreiben. Dass ehemalige Agrarminister dann mit einem VR Mandat belohnt werden wundert uns deshalb nicht.<\/p>\n\n\n\n<p>BIG-M ist gespannt, welche Mandate dem soeben abgetretenen Agrarminister Schneider Ammann dereinst angeboten werden.<\/p>\n\n\n\n<p>Mit k\u00e4mpferischen Gr\u00fcssen&nbsp;<br>BIG-M<\/p>\n","protected":false},"excerpt":{"rendered":"<p>Die abgetretene Bundesr\u00e4tin Leuthard, welche von 2006 bis 2010 auch Schweizer Agrarministerin war, wurde gem\u00e4ss Sonntagszeitung von den Grossverteilern Migros und Coop, welche 75% des CH Detailhandels beherrschen, als k\u00fcnftige Verwaltungsr\u00e4tin umworben. Das Rennen hat Coop gemacht. Dieser &#8222;Jobwechsel&#8220; erinnert BIG-M an den Jobwechsel von Alt Bundesrat Josef Deiss. Dieser war von 2003 bis 2006 &hellip; <\/p>\n<p class=\"link-more\"><a href=\"https:\/\/new.faire-milch.ch\/wordpress\/index.php\/2019\/03\/04\/eine-agrarpolitik-fuer-die-lebensmittelindustrie\/\" class=\"more-link\"><span class=\"screen-reader-text\">\u201eEine Agrarpolitik f\u00fcr die Lebensmittelindustrie\u201c <\/span>weiterlesen<\/a><\/p>\n","protected":false},"author":1,"featured_media":0,"comment_status":"open","ping_status":"open","sticky":false,"template":"","format":"standard","meta":{"footnotes":""},"categories":[3],"tags":[],"class_list":["post-255","post","type-post","status-publish","format-standard","hentry","category-newsletter"],"_links":{"self":[{"href":"https:\/\/new.faire-milch.ch\/wordpress\/index.php\/wp-json\/wp\/v2\/posts\/255","targetHints":{"allow":["GET"]}}],"collection":[{"href":"https:\/\/new.faire-milch.ch\/wordpress\/index.php\/wp-json\/wp\/v2\/posts"}],"about":[{"href":"https:\/\/new.faire-milch.ch\/wordpress\/index.php\/wp-json\/wp\/v2\/types\/post"}],"author":[{"embeddable":true,"href":"https:\/\/new.faire-milch.ch\/wordpress\/index.php\/wp-json\/wp\/v2\/users\/1"}],"replies":[{"embeddable":true,"href":"https:\/\/new.faire-milch.ch\/wordpress\/index.php\/wp-json\/wp\/v2\/comments?post=255"}],"version-history":[{"count":2,"href":"https:\/\/new.faire-milch.ch\/wordpress\/index.php\/wp-json\/wp\/v2\/posts\/255\/revisions"}],"predecessor-version":[{"id":303,"href":"https:\/\/new.faire-milch.ch\/wordpress\/index.php\/wp-json\/wp\/v2\/posts\/255\/revisions\/303"}],"wp:attachment":[{"href":"https:\/\/new.faire-milch.ch\/wordpress\/index.php\/wp-json\/wp\/v2\/media?parent=255"}],"wp:term":[{"taxonomy":"category","embeddable":true,"href":"https:\/\/new.faire-milch.ch\/wordpress\/index.php\/wp-json\/wp\/v2\/categories?post=255"},{"taxonomy":"post_tag","embeddable":true,"href":"https:\/\/new.faire-milch.ch\/wordpress\/index.php\/wp-json\/wp\/v2\/tags?post=255"}],"curies":[{"name":"wp","href":"https:\/\/api.w.org\/{rel}","templated":true}]}}