{"id":339,"date":"2022-11-27T18:43:35","date_gmt":"2022-11-27T18:43:35","guid":{"rendered":"https:\/\/new.faire-milch.ch\/wordpress\/?p=339"},"modified":"2023-03-03T09:36:35","modified_gmt":"2023-03-03T09:36:35","slug":"vertrauen-der-milchbauern-in-ihre-verbaende-schwindet-immer-mehr","status":"publish","type":"post","link":"https:\/\/new.faire-milch.ch\/wordpress\/index.php\/2022\/11\/27\/vertrauen-der-milchbauern-in-ihre-verbaende-schwindet-immer-mehr\/","title":{"rendered":"Vertrauen der Milchbauern in ihre Verb\u00e4nde schwindet immer mehr"},"content":{"rendered":"\n<p>Die Branchenorganisation Milch BOM hat beschlossen das der A Richtpreis auf den 1. Januar um 3 Rappen auf 81 Rappen steigen soll. Das klingt zwar gut, aber damit beschliesst sie 2 Rappen weniger als der Indexpreis anzeigt! Sowohl f\u00fcr den Richtpreis ab Oktober, als auch f\u00fcr den Richtpreis ab Januar lag der Index n\u00e4mlich bei 83 Rappen! <\/p>\n\n\n\n<p>Das heisst im Klartext, dass die Produzentenvertreter einer reduzierten Erh\u00f6hung zugestimmt haben und sich damit erneut nicht f\u00fcr einen ANGEMESSENEN Milchpreis eingesetzt haben. Wenn es im BOM Vorstand keine Einigung g\u00e4be, w\u00fcrde n\u00e4mlich automatisch der Indexpreis gelten. <\/p>\n\n\n\n<!--more-->\n\n\n\n<p>BIG-M fragt sich: Warum in aller Welt haben die 10 Produzentenvertreter einer zu geringen Erh\u00f6hung zugestimmt??? Dar\u00fcber liest man nirgendwo etwas. Grosses Schweigen \u00fcberall. Keine Stellungnahme, kein Kommentar, nichts. Wird uns eine unangenehme Wahrheit verschwiegen? Die Produzentenvertreter sind bereits seit Jahren in der Kritik. Das grosse Schweigen nach diesem BOM Beschluss schafft da auch kein neues Vertrauen.<\/p>\n\n\n\n<p>Es ist eine bittere Wahrheit: Fakt ist, dass die Produzentenvertreter aus der knappen Marktlage nicht einmal das herausgeholt haben, was gem\u00e4ss den Richtlinien der BOM m\u00f6glich w\u00e4re. Der A-Preis w\u00e4re schon seit Oktober bei 83 Rappen, wenn die Produzentenvertreter auf der Einhaltung der Richtlinien bestanden h\u00e4tten. <\/p>\n\n\n\n<p>Die Folge davon ist, dass in den vergangen 2 Jahren der A- Milchpreis um mickrige 10 Rappen angestiegen ist.  Zum Vergleich: In Deutschland ist in der gleichen Zeitspanne der Preis um \u00fcber 50% gestiegen! Kommt noch dazu, dass auf der Milchgeldabrechnung immer noch 30% der Menge als B Milch zu einem tieferen Preis abgerechnet werden. Mit den um 2 Rappen erh\u00f6hten Abz\u00fcgen wird der Auszahlungspreis f\u00fcr alle Milchbauern ab dem 1. Januar sogar sinken! Das ist f\u00fcr die Milchviehbetriebe ein schlechtes Signal in dieser krisengesch\u00fcttelten Zeit. Im Moment schliessen jede Woche 10 Milchviehbetriebe ihre Stallt\u00fcren f\u00fcr immer. Der Bestand an Milchk\u00fchen sinkt kontinuierlich. Wann erwachen die Verantwortlichen endlich?<\/p>\n","protected":false},"excerpt":{"rendered":"<p>Die Branchenorganisation Milch BOM hat beschlossen das der A Richtpreis auf den 1. Januar um 3 Rappen auf 81 Rappen steigen soll. Das klingt zwar gut, aber damit beschliesst sie 2 Rappen weniger als der Indexpreis anzeigt! Sowohl f\u00fcr den Richtpreis ab Oktober, als auch f\u00fcr den Richtpreis ab Januar lag der Index n\u00e4mlich bei &hellip; <\/p>\n<p class=\"link-more\"><a href=\"https:\/\/new.faire-milch.ch\/wordpress\/index.php\/2022\/11\/27\/vertrauen-der-milchbauern-in-ihre-verbaende-schwindet-immer-mehr\/\" class=\"more-link\"><span class=\"screen-reader-text\">\u201eVertrauen der Milchbauern in ihre Verb\u00e4nde schwindet immer mehr\u201c <\/span>weiterlesen<\/a><\/p>\n","protected":false},"author":1,"featured_media":0,"comment_status":"open","ping_status":"open","sticky":false,"template":"","format":"standard","meta":{"footnotes":""},"categories":[3],"tags":[16],"class_list":["post-339","post","type-post","status-publish","format-standard","hentry","category-newsletter","tag-richtpreis"],"_links":{"self":[{"href":"https:\/\/new.faire-milch.ch\/wordpress\/index.php\/wp-json\/wp\/v2\/posts\/339","targetHints":{"allow":["GET"]}}],"collection":[{"href":"https:\/\/new.faire-milch.ch\/wordpress\/index.php\/wp-json\/wp\/v2\/posts"}],"about":[{"href":"https:\/\/new.faire-milch.ch\/wordpress\/index.php\/wp-json\/wp\/v2\/types\/post"}],"author":[{"embeddable":true,"href":"https:\/\/new.faire-milch.ch\/wordpress\/index.php\/wp-json\/wp\/v2\/users\/1"}],"replies":[{"embeddable":true,"href":"https:\/\/new.faire-milch.ch\/wordpress\/index.php\/wp-json\/wp\/v2\/comments?post=339"}],"version-history":[{"count":3,"href":"https:\/\/new.faire-milch.ch\/wordpress\/index.php\/wp-json\/wp\/v2\/posts\/339\/revisions"}],"predecessor-version":[{"id":354,"href":"https:\/\/new.faire-milch.ch\/wordpress\/index.php\/wp-json\/wp\/v2\/posts\/339\/revisions\/354"}],"wp:attachment":[{"href":"https:\/\/new.faire-milch.ch\/wordpress\/index.php\/wp-json\/wp\/v2\/media?parent=339"}],"wp:term":[{"taxonomy":"category","embeddable":true,"href":"https:\/\/new.faire-milch.ch\/wordpress\/index.php\/wp-json\/wp\/v2\/categories?post=339"},{"taxonomy":"post_tag","embeddable":true,"href":"https:\/\/new.faire-milch.ch\/wordpress\/index.php\/wp-json\/wp\/v2\/tags?post=339"}],"curies":[{"name":"wp","href":"https:\/\/api.w.org\/{rel}","templated":true}]}}