{"id":342,"date":"2023-01-15T17:14:08","date_gmt":"2023-01-15T17:14:08","guid":{"rendered":"https:\/\/new.faire-milch.ch\/wordpress\/?p=342"},"modified":"2023-03-03T09:29:35","modified_gmt":"2023-03-03T09:29:35","slug":"die-medien-erfahren-nur-die-halbe-wahrheit","status":"publish","type":"post","link":"https:\/\/new.faire-milch.ch\/wordpress\/index.php\/2023\/01\/15\/die-medien-erfahren-nur-die-halbe-wahrheit\/","title":{"rendered":"Die Medien erfahren nur die halbe Wahrheit"},"content":{"rendered":"\n<p>In vielen Medien ist von Preisaufschl\u00e4gen im Detailhandel bei Milchprodukten zu lesen. Als Grund wird meist der Aufschlag beim Milchpreis von 3 Rappen genannt. Im Tagesanzeiger vom 9. Januar 2023 wird der Preisaufschlag beim Butter z.B. wie folgt begr\u00fcndet: \u201eDer Grund: Die Milchverarbeiterin Emmi muss den Bauern pro Kilogramm Milch drei Rappen mehr bezahlen\u201c. Laut Medien werden\u00a0Milchprodukte also teurer weil die Bauern mehr f\u00fcr die Milch bekommen. Das t\u00f6nt ganz plausibel. Oder?<\/p>\n\n\n\n<!--more-->\n\n\n\n<p>Aber BIG-M\u00a0kennt die Realit\u00e4t:\u00a0Leider ist es Tatsache, dass beim Grossteil der Milchlieferanten der ausbezahlte Milchpreis im Januar \u00fcberhaupt nicht steigt sondern sogar sinkt. Denn die Milchindustrie kauft ja auch noch billige B-Milch ein. Diese verarbeitet sie dann zu einem fettarmen Produkt \u00a0bei dem als Nebenprodukt auch noch Rahm oder Butter anf\u00e4llt. Der Preis f\u00fcr diese B Milch wurde Ende Jahr deutlich gesenkt. Das w\u00fcrde den Milchpreis f\u00fcr die Bauern noch nicht beeinflussen wenn diese wenigstens die Wahl h\u00e4tten, ob sie B- Milch wirklich produzieren und liefern wollen, so wie es das Parlament beschlossen hat\u2026.\u00a0 Aber das ist nicht der Fall. <\/p>\n\n\n\n<p>Es ist leider eine Tatsache, dass die&nbsp;allermeisten&nbsp;Medienleute keine Zeit (oder keine Lust?) haben, sich mit dem Milchmarkt vertieft auseinanderzusetzen. Die Milchpreisbildung ist in der Tat ein sehr intransparentes&nbsp; Geschehen. Das ist ganz im Interesse der Milchindustrie. Sie kann lapidar kommunizieren, dass der Richtpreis erh\u00f6ht worden sei und deshalb die Butter teurer ist. Damit geben sich die Medien zufrieden. Und die B\u00fcrger wundern sich warum immer noch viele Milchbauern&nbsp; aufgeben und die&nbsp;Milchproduktion immer mehr zur\u00fcckgeht, wo doch die Preise, laut Medien, stets steigen.<\/p>\n\n\n\n<p>BIG-M w\u00fcnscht sich f\u00fcr das angebrochene Jahr, dass unsere Medien wieder so arbeiten, wie es eigentlich ihr Auftrag w\u00e4re: Sachverhalte sauber recherchieren und&nbsp; Informieren. Wenn sie sich zu sehr einfach auf die Pressemitteilungen der Milchverarbeiter und der BO-Milch abst\u00fctzen werden sie unweigerlich zu deren Sprachrohr.<\/p>\n","protected":false},"excerpt":{"rendered":"<p>In vielen Medien ist von Preisaufschl\u00e4gen im Detailhandel bei Milchprodukten zu lesen. Als Grund wird meist der Aufschlag beim Milchpreis von 3 Rappen genannt. Im Tagesanzeiger vom 9. Januar 2023 wird der Preisaufschlag beim Butter z.B. wie folgt begr\u00fcndet: \u201eDer Grund: Die Milchverarbeiterin Emmi muss den Bauern pro Kilogramm Milch drei Rappen mehr bezahlen\u201c. Laut &hellip; <\/p>\n<p class=\"link-more\"><a href=\"https:\/\/new.faire-milch.ch\/wordpress\/index.php\/2023\/01\/15\/die-medien-erfahren-nur-die-halbe-wahrheit\/\" class=\"more-link\"><span class=\"screen-reader-text\">\u201eDie Medien erfahren nur die halbe Wahrheit\u201c <\/span>weiterlesen<\/a><\/p>\n","protected":false},"author":1,"featured_media":0,"comment_status":"open","ping_status":"open","sticky":false,"template":"","format":"standard","meta":{"footnotes":""},"categories":[3],"tags":[18,17,16],"class_list":["post-342","post","type-post","status-publish","format-standard","hentry","category-newsletter","tag-medienberichte","tag-milchpreis","tag-richtpreis"],"_links":{"self":[{"href":"https:\/\/new.faire-milch.ch\/wordpress\/index.php\/wp-json\/wp\/v2\/posts\/342","targetHints":{"allow":["GET"]}}],"collection":[{"href":"https:\/\/new.faire-milch.ch\/wordpress\/index.php\/wp-json\/wp\/v2\/posts"}],"about":[{"href":"https:\/\/new.faire-milch.ch\/wordpress\/index.php\/wp-json\/wp\/v2\/types\/post"}],"author":[{"embeddable":true,"href":"https:\/\/new.faire-milch.ch\/wordpress\/index.php\/wp-json\/wp\/v2\/users\/1"}],"replies":[{"embeddable":true,"href":"https:\/\/new.faire-milch.ch\/wordpress\/index.php\/wp-json\/wp\/v2\/comments?post=342"}],"version-history":[{"count":4,"href":"https:\/\/new.faire-milch.ch\/wordpress\/index.php\/wp-json\/wp\/v2\/posts\/342\/revisions"}],"predecessor-version":[{"id":353,"href":"https:\/\/new.faire-milch.ch\/wordpress\/index.php\/wp-json\/wp\/v2\/posts\/342\/revisions\/353"}],"wp:attachment":[{"href":"https:\/\/new.faire-milch.ch\/wordpress\/index.php\/wp-json\/wp\/v2\/media?parent=342"}],"wp:term":[{"taxonomy":"category","embeddable":true,"href":"https:\/\/new.faire-milch.ch\/wordpress\/index.php\/wp-json\/wp\/v2\/categories?post=342"},{"taxonomy":"post_tag","embeddable":true,"href":"https:\/\/new.faire-milch.ch\/wordpress\/index.php\/wp-json\/wp\/v2\/tags?post=342"}],"curies":[{"name":"wp","href":"https:\/\/api.w.org\/{rel}","templated":true}]}}