{"id":347,"date":"2023-03-03T09:19:37","date_gmt":"2023-03-03T09:19:37","guid":{"rendered":"https:\/\/new.faire-milch.ch\/wordpress\/?p=347"},"modified":"2023-03-03T09:36:59","modified_gmt":"2023-03-03T09:36:59","slug":"wohin-will-die-milchwirtschaft","status":"publish","type":"post","link":"https:\/\/new.faire-milch.ch\/wordpress\/index.php\/2023\/03\/03\/wohin-will-die-milchwirtschaft\/","title":{"rendered":"Wohin will die Milchwirtschaft?"},"content":{"rendered":"\n<p>Jedes Jahr erscheinen im Februar die Zahlen zur Milchproduktion des vergangenen Jahres. Auch dieses Jahr steht darin nichts neues: Weniger Milchk\u00fche und weniger, daf\u00fcr gr\u00f6ssere Milchproduktionsbetriebe. Erschreckend ist jedoch, dass dieser Trend um einiges schneller vorangeht, als von BIG-M bef\u00fcrchtet.<\/p>\n\n\n\n<!--more-->\n\n\n\n<p>Vor elf Jahren hat BIG-M eine Befragung bei Milchbauern in Auftrag gegeben und das Ergebnis der repr\u00e4sentativen Umfrage den Medien vorgestellt. Von den damals noch knapp 26000 Milchbauern wurden 1000 zuf\u00e4llig ausgew\u00e4hlte telefonisch befragt. Gefragt wurde u.a.: \u201eWie sehen sie die Wahrscheinlichkeit, dass in 10 Jahren auf ihrem Betrieb noch Milch produziert wird?\u201c Auf diese Frage antworteten 40%, dass die Wahrscheinlichkeit bei ihnen unter 50% liegt. Heute wissen wir, dass 80% dieser Milchbauern ernst gemacht und die Milchproduktion aufgegeben haben.<\/p>\n\n\n\n<p>BIG-M bef\u00fcrchtet, dass sich die Stimmung bei den Milchproduzenten nicht verbessert hat. Wer wissen m\u00f6chte, wie der Strukturwandel in der Milchproduktion in den n\u00e4chsten zehn Jahren aussieht, m\u00fcsste also einfach die jetzigen Milchb\u00e4uerinnen und Milchbauern befragen. Dass das nicht gemacht wird, liegt nach unserer Meinung daran, dass die Antworten niemand interessieren. Denn dann m\u00fcsste allenfalls das jetzige System resp. die aktuellen Rahmenbedingungen hinterfragt werden. Und man k\u00e4me unweigerlich zum Schluss, dass die Milchbauern nicht nur Restgeldempf\u00e4nger sein d\u00fcrfen, sondern ihre Produktionskosten (inkl. der eigenen Arbeit) bezahlt werden m\u00fcssen. Aber das w\u00fcrde bedeuten, dass sich die Margenverteilung zu Gunsten der Milchproduzenten verschieben muss. Und das wollen die Branchenvertreter ganz offenbar nicht.<\/p>\n\n\n\n<p>Die Entwicklung wird also weitergehen &#8211; bis zum Kollaps. BIG-M stellt deshalb die Frage: Nehmen die Vertreter in der BO Milch ihre Verantwortung eigentlich ernst? <\/p>\n","protected":false},"excerpt":{"rendered":"<p>Jedes Jahr erscheinen im Februar die Zahlen zur Milchproduktion des vergangenen Jahres. Auch dieses Jahr steht darin nichts neues: Weniger Milchk\u00fche und weniger, daf\u00fcr gr\u00f6ssere Milchproduktionsbetriebe. Erschreckend ist jedoch, dass dieser Trend um einiges schneller vorangeht, als von BIG-M bef\u00fcrchtet.<\/p>\n","protected":false},"author":1,"featured_media":355,"comment_status":"open","ping_status":"open","sticky":false,"template":"","format":"standard","meta":{"footnotes":""},"categories":[3],"tags":[],"class_list":["post-347","post","type-post","status-publish","format-standard","has-post-thumbnail","hentry","category-newsletter"],"_links":{"self":[{"href":"https:\/\/new.faire-milch.ch\/wordpress\/index.php\/wp-json\/wp\/v2\/posts\/347","targetHints":{"allow":["GET"]}}],"collection":[{"href":"https:\/\/new.faire-milch.ch\/wordpress\/index.php\/wp-json\/wp\/v2\/posts"}],"about":[{"href":"https:\/\/new.faire-milch.ch\/wordpress\/index.php\/wp-json\/wp\/v2\/types\/post"}],"author":[{"embeddable":true,"href":"https:\/\/new.faire-milch.ch\/wordpress\/index.php\/wp-json\/wp\/v2\/users\/1"}],"replies":[{"embeddable":true,"href":"https:\/\/new.faire-milch.ch\/wordpress\/index.php\/wp-json\/wp\/v2\/comments?post=347"}],"version-history":[{"count":3,"href":"https:\/\/new.faire-milch.ch\/wordpress\/index.php\/wp-json\/wp\/v2\/posts\/347\/revisions"}],"predecessor-version":[{"id":351,"href":"https:\/\/new.faire-milch.ch\/wordpress\/index.php\/wp-json\/wp\/v2\/posts\/347\/revisions\/351"}],"wp:featuredmedia":[{"embeddable":true,"href":"https:\/\/new.faire-milch.ch\/wordpress\/index.php\/wp-json\/wp\/v2\/media\/355"}],"wp:attachment":[{"href":"https:\/\/new.faire-milch.ch\/wordpress\/index.php\/wp-json\/wp\/v2\/media?parent=347"}],"wp:term":[{"taxonomy":"category","embeddable":true,"href":"https:\/\/new.faire-milch.ch\/wordpress\/index.php\/wp-json\/wp\/v2\/categories?post=347"},{"taxonomy":"post_tag","embeddable":true,"href":"https:\/\/new.faire-milch.ch\/wordpress\/index.php\/wp-json\/wp\/v2\/tags?post=347"}],"curies":[{"name":"wp","href":"https:\/\/api.w.org\/{rel}","templated":true}]}}