{"id":360,"date":"2023-03-20T23:19:58","date_gmt":"2023-03-20T23:19:58","guid":{"rendered":"https:\/\/new.faire-milch.ch\/wordpress\/?p=360"},"modified":"2023-03-20T23:19:58","modified_gmt":"2023-03-20T23:19:58","slug":"der-kniefall-des-preisueberwachers-vor-den-grossverteilern","status":"publish","type":"post","link":"https:\/\/new.faire-milch.ch\/wordpress\/index.php\/2023\/03\/20\/der-kniefall-des-preisueberwachers-vor-den-grossverteilern\/","title":{"rendered":"Der Kniefall des Preis\u00fcberwachers vor den Grossverteilern"},"content":{"rendered":"\n<p>Der Preis\u00fcberwacher untersuchte die Margen von Label \u2013 und Bio-Produkten bei den beiden orangen Riesen. Er stellte (f\u00fcr uns wenig \u00fcberraschend) fest, dass diese \u00fcberh\u00f6ht sind. Die Migros verhinderte eine Ver\u00f6ffentlichung des Berichtes mit rechtlichen Schritten. Dar\u00fcber&nbsp;berichteten die Medien aber erst sp\u00e4ter.&nbsp;<\/p>\n\n\n\n<!--more-->\n\n\n\n<p>BIG-M hat Einsicht in den Schriftverkehr bekommen, welcher zwischen Migros und dem Preis\u00fcberwacher stattgefunden hat, bevor der Preis\u00fcberwacher die Medien orientierte. Viele Stellen sind leider eingeschw\u00e4rzt. Das hat die Migros so verlangt.&nbsp;Beim Durchlesen der vielen Seiten f\u00e4llt auf, dass die Migros bei der Begr\u00fcndung, warum dieses und jenes nicht gesagt werden darf, nicht gerade zimperlich ist. Es heisst dann:\u201c Offensichtlich falsche Angaben. Verletzung der Untersuchungspflichten durchs Abstellen und Zitieren von einfachen online Zeitungsartikeln (watson).\u201c Oder: \u201cUnzul\u00e4ssiges &#8222;Herauspicken&#8217;\u2018 eines Beispiels\u2026\u2026..\u201c. Der Preis\u00fcberwacher wird sogar noch geschulmeistert: \u201cDiese mono-kausale Argumentation ist schlicht falsch und einer staatlichen Wettbewerbsbeh\u00f6rde unw\u00fcrdig\u201c.<\/p>\n\n\n\n<p>&nbsp;<br>Der Preis\u00fcberwacher schreibt: \u201e Die Posten PR und Werbung scheinen besonders relevant, da die Bio-Linie oft \u00abals Kommunikationsplattform\u00bb verwendet werde, sprich als Mittel, um interessante Zielgruppen in den Laden zu bringen\u201c.&nbsp;Die&nbsp;Migros&nbsp;fordert&nbsp;daraufhin: \u201cStreichen, weil falsche, irref\u00fchrende und unbelegte Angaben\u201c. \u00dcberhaupt qualifiziert &nbsp;&nbsp;Migros den Preis\u00fcberwacher unz\u00e4hlige Male ab mit Begriffen wie:\u201c fragw\u00fcrdig, rufsch\u00e4digend, unzul\u00e4ssige Herabsetzung, unhaltbar, diskreditierend, unzul\u00e4ssige Stimmungsmache, einseitig usw.\u201c<br>&nbsp;<br>Auf all die \u00c4nderungsw\u00fcnsche der Migros reagiert der Preis\u00fcberwacher genervt: \u201cSie fordern praktisch, dass der Preis\u00fcberwacher die Sichtweise der Migros \u00fcbernimmt.\u201c In einem&nbsp; intensiven Mailwechsel zwischen Migros und dem Preis\u00fcberwacher im Januar 2023 wurde viel gestritten. Doch am Ende knickt der Preis\u00fcberwacher ein und schreibt am Schluss: \u201c \u2026.doch muss ich an dieser Stelle festhalten, dass wir Ihre rechtliche Beurteilung nicht teilen und unser Entgegenkommen ohne jegliche Anerkennung von Tatsachen oder Pflichten und somit unpr\u00e4judiziell sehen. Wir haben Ihre gew\u00fcnschten Bereinigungen einzig deshalb vorgenommen, um einer Rechtsstreitigkeit im Rahmen unserer \u00d6ffentlichkeitsarbeit vorzubeugen\u2026\u2026\u201c<br>&nbsp;<br>F\u00fcr BIG-M dr\u00e4ngt sich eine wichtige Frage auf: Wieso muss eine Bundesstelle den Bericht einer Untersuchung zuerst der Migros vorlegen? Wenn im Fr\u00fchling die Buchhaltungen der Landwirtschaftsbetriebe kommuniziert werden bestimmt einzig und allein die Verwaltung, was dazu gesagt wird.&nbsp; Und wenn eine Studie \u00fcber die Landwirtschaft gemacht wird, geht diese ja auch nicht zum Bauernverband, damit er bestimmen kann, wie das Ergebnis kommuniziert wird.&nbsp; Das ist doch eine Ungleichbehandlung sondergleichen. Da spielt es offenbar keine Rolle, ob der Text \u201erufsch\u00e4digend\u201c&nbsp; ist. Sind die Grossverteiler wirklich soviel wichtiger als die B\u00e4uerinnen und Bauern, dass man vor ihnen einen Kniefall machen muss?<br>&nbsp;<\/p>\n","protected":false},"excerpt":{"rendered":"<p>Der Preis\u00fcberwacher untersuchte die Margen von Label \u2013 und Bio-Produkten bei den beiden orangen Riesen. Er stellte (f\u00fcr uns wenig \u00fcberraschend) fest, dass diese \u00fcberh\u00f6ht sind. Die Migros verhinderte eine Ver\u00f6ffentlichung des Berichtes mit rechtlichen Schritten. Dar\u00fcber&nbsp;berichteten die Medien aber erst sp\u00e4ter.&nbsp;<\/p>\n","protected":false},"author":1,"featured_media":362,"comment_status":"open","ping_status":"open","sticky":false,"template":"","format":"standard","meta":{"footnotes":""},"categories":[3],"tags":[21,15,22,20,17,19],"class_list":["post-360","post","type-post","status-publish","format-standard","has-post-thumbnail","hentry","category-newsletter","tag-coop","tag-kostendeckung","tag-margen","tag-migros","tag-milchpreis","tag-preisueberwacher"],"_links":{"self":[{"href":"https:\/\/new.faire-milch.ch\/wordpress\/index.php\/wp-json\/wp\/v2\/posts\/360","targetHints":{"allow":["GET"]}}],"collection":[{"href":"https:\/\/new.faire-milch.ch\/wordpress\/index.php\/wp-json\/wp\/v2\/posts"}],"about":[{"href":"https:\/\/new.faire-milch.ch\/wordpress\/index.php\/wp-json\/wp\/v2\/types\/post"}],"author":[{"embeddable":true,"href":"https:\/\/new.faire-milch.ch\/wordpress\/index.php\/wp-json\/wp\/v2\/users\/1"}],"replies":[{"embeddable":true,"href":"https:\/\/new.faire-milch.ch\/wordpress\/index.php\/wp-json\/wp\/v2\/comments?post=360"}],"version-history":[{"count":1,"href":"https:\/\/new.faire-milch.ch\/wordpress\/index.php\/wp-json\/wp\/v2\/posts\/360\/revisions"}],"predecessor-version":[{"id":361,"href":"https:\/\/new.faire-milch.ch\/wordpress\/index.php\/wp-json\/wp\/v2\/posts\/360\/revisions\/361"}],"wp:featuredmedia":[{"embeddable":true,"href":"https:\/\/new.faire-milch.ch\/wordpress\/index.php\/wp-json\/wp\/v2\/media\/362"}],"wp:attachment":[{"href":"https:\/\/new.faire-milch.ch\/wordpress\/index.php\/wp-json\/wp\/v2\/media?parent=360"}],"wp:term":[{"taxonomy":"category","embeddable":true,"href":"https:\/\/new.faire-milch.ch\/wordpress\/index.php\/wp-json\/wp\/v2\/categories?post=360"},{"taxonomy":"post_tag","embeddable":true,"href":"https:\/\/new.faire-milch.ch\/wordpress\/index.php\/wp-json\/wp\/v2\/tags?post=360"}],"curies":[{"name":"wp","href":"https:\/\/api.w.org\/{rel}","templated":true}]}}