{"id":392,"date":"2023-06-27T03:10:45","date_gmt":"2023-06-27T03:10:45","guid":{"rendered":"https:\/\/new.faire-milch.ch\/wordpress\/?p=392"},"modified":"2023-06-27T03:10:45","modified_gmt":"2023-06-27T03:10:45","slug":"die-migros-diktiert-der-aaremilch-den-milchpreis","status":"publish","type":"post","link":"https:\/\/new.faire-milch.ch\/wordpress\/index.php\/2023\/06\/27\/die-migros-diktiert-der-aaremilch-den-milchpreis\/","title":{"rendered":"Die Migros diktiert der Aaremilch den Milchpreis"},"content":{"rendered":"\n<p>Mit der faktischen \u00dcbernahme der Aaremilch durch die Migros (offiziell nur zu 50%), hat die Berner Produzentenorganisation gleichzeitig auch jegliche Selbst\u00e4ndigkeit aufgegeben. Den Beweis dazu liefert sie gerade: Per 1. Juli senkt sie ihren Produzenten den Milchpreis um einen Rappen! Und das, obwohl sie im Infoschreiben erw\u00e4hnt, dass der Richtpreis unver\u00e4ndert ist, im Moment die Milchmengen von Woche zu Woche r\u00fcckl\u00e4ufig sind, das Wetter im Fr\u00fchjahr schlecht war und darum die Futterqualit\u00e4t m\u00e4ssig ist. Die Aaremilch bringt den Mut nicht auf, diese Preissenkung ehrlich zu kommunizieren und spricht daher lapidar von \u201eMarktabzug\u201c. Kommt dazu, dass im Juli der gr\u00f6sste Anteil der gemolkenen Menge im gesch\u00fctzten Segment ist, und somit eigentlich gar kein Anlass besteht, den Preis zu senken.<\/p>\n\n\n\n<!--more-->\n\n\n\n<p>Diese Senkung hat zur Folge, dass all die Milchbauern, welche die hochger\u00fchmte Wiesenmilch produzieren, diese Milchpreissenkung ebenfalls hinnehmen m\u00fcssen. Die Kritik von BIG-M, dass die Milchbauern auch bei hochwertigen Labelmilchprodukten keinen kostendeckenden Milchpreis erhalten, wird damit einmal mehr best\u00e4tigt. Auch diese Produzenten sind bloss Restgeldempf\u00e4nger.<\/p>\n\n\n\n<p>Wenn die Migros nun die Milch billiger einkauft, wird Coop unweigerlich Druck auf ihre Lieferanten machen. Und so l\u00e4uft das Spiel weiter. F\u00fcr BIG-M bleibt nur das eine Fazit: Wenn ein Produzentenvertreter zugleich auch die Interessen eines Milchh\u00e4ndlers oder Milchverarbeiters vertreten muss, setzen sich immer die Interesse des H\u00e4ndler resp. Verarbeiter durch. Einmal mehr zeigt sich, dass bei der &#8222;sowohl-als-auch Vertretung&#8220; mit zwei H\u00fcten, wie sie in der BOM praktiziert wird, die Interessen der Produzenten nicht vertreten werden k\u00f6nnen. Wie viele Milchproduzenten m\u00fcssen noch aufgeben, bis die Produzenten in der BOM endlich eine eigenst\u00e4ndige Vertretung erhalten?<\/p>\n\n\n\n<p>Mit k\u00e4mpferischen Gr\u00fcssen BIG-M<\/p>\n","protected":false},"excerpt":{"rendered":"<p>Mit der faktischen \u00dcbernahme der Aaremilch durch die Migros (offiziell nur zu 50%), hat die Berner Produzentenorganisation gleichzeitig auch jegliche Selbst\u00e4ndigkeit aufgegeben. Den Beweis dazu liefert sie gerade: Per 1. Juli senkt sie ihren Produzenten den Milchpreis um einen Rappen! Und das, obwohl sie im Infoschreiben erw\u00e4hnt, dass der Richtpreis unver\u00e4ndert ist, im Moment die &hellip; <\/p>\n<p class=\"link-more\"><a href=\"https:\/\/new.faire-milch.ch\/wordpress\/index.php\/2023\/06\/27\/die-migros-diktiert-der-aaremilch-den-milchpreis\/\" class=\"more-link\"><span class=\"screen-reader-text\">\u201eDie Migros diktiert der Aaremilch den Milchpreis\u201c <\/span>weiterlesen<\/a><\/p>\n","protected":false},"author":1,"featured_media":0,"comment_status":"open","ping_status":"open","sticky":false,"template":"","format":"standard","meta":{"footnotes":""},"categories":[3],"tags":[24,20,17],"class_list":["post-392","post","type-post","status-publish","format-standard","hentry","category-newsletter","tag-bo-milch","tag-migros","tag-milchpreis"],"_links":{"self":[{"href":"https:\/\/new.faire-milch.ch\/wordpress\/index.php\/wp-json\/wp\/v2\/posts\/392","targetHints":{"allow":["GET"]}}],"collection":[{"href":"https:\/\/new.faire-milch.ch\/wordpress\/index.php\/wp-json\/wp\/v2\/posts"}],"about":[{"href":"https:\/\/new.faire-milch.ch\/wordpress\/index.php\/wp-json\/wp\/v2\/types\/post"}],"author":[{"embeddable":true,"href":"https:\/\/new.faire-milch.ch\/wordpress\/index.php\/wp-json\/wp\/v2\/users\/1"}],"replies":[{"embeddable":true,"href":"https:\/\/new.faire-milch.ch\/wordpress\/index.php\/wp-json\/wp\/v2\/comments?post=392"}],"version-history":[{"count":1,"href":"https:\/\/new.faire-milch.ch\/wordpress\/index.php\/wp-json\/wp\/v2\/posts\/392\/revisions"}],"predecessor-version":[{"id":393,"href":"https:\/\/new.faire-milch.ch\/wordpress\/index.php\/wp-json\/wp\/v2\/posts\/392\/revisions\/393"}],"wp:attachment":[{"href":"https:\/\/new.faire-milch.ch\/wordpress\/index.php\/wp-json\/wp\/v2\/media?parent=392"}],"wp:term":[{"taxonomy":"category","embeddable":true,"href":"https:\/\/new.faire-milch.ch\/wordpress\/index.php\/wp-json\/wp\/v2\/categories?post=392"},{"taxonomy":"post_tag","embeddable":true,"href":"https:\/\/new.faire-milch.ch\/wordpress\/index.php\/wp-json\/wp\/v2\/tags?post=392"}],"curies":[{"name":"wp","href":"https:\/\/api.w.org\/{rel}","templated":true}]}}