{"id":397,"date":"2023-11-12T11:50:17","date_gmt":"2023-11-12T11:50:17","guid":{"rendered":"https:\/\/new.faire-milch.ch\/wordpress\/?p=397"},"modified":"2023-11-12T11:53:22","modified_gmt":"2023-11-12T11:53:22","slug":"was-nichts-kostet-ist-nichts-wert","status":"publish","type":"post","link":"https:\/\/new.faire-milch.ch\/wordpress\/index.php\/2023\/11\/12\/was-nichts-kostet-ist-nichts-wert\/","title":{"rendered":"Was nichts kostet, ist nichts wert"},"content":{"rendered":"\n<p>Am kommenden Freitag den 17. November muss die Branchenorganisation Milch BOM Farbe bekennen: Nimmt sie ihre Aufgabe \u201eSteigerung der Wertsch\u00f6pfung auf allen Stufen\u201c ernst , oder ist sie eine Organisation, welche nach dem Motto funktioniert: \u201eVerarbeitung und Handel zuerst\u201c.<\/p>\n\n\n\n<!--more-->\n\n\n\n<p>Am 17. November steht der Entscheid an, welcher Richtpreis ab dem 1. Januar 2024 f\u00fcr die 70% A &#8211; Milch gelten soll. Brisant dabei ist, dass genau auf diesen 1. Januar der sog. \u201egr\u00fcne Teppich\u201c f\u00fcr alle Milchbauern obligatorisch ist. BIG-M wurde in den vergangenen Wochen von mehreren Milchbauern angerufen, welche sehr wenig Weideland zur Verf\u00fcgung haben und sich mit einem Stallumbau sehr schwer tun. Es geht um Investitionen im sechsstelligen Bereich. Wie kann man solche Betr\u00e4ge amortisieren? Der Bundesrat hat ja gerade beschlossen, die Beitr\u00e4ge f\u00fcr Laufstallhaltung BTS zu k\u00fcrzen. \u00dcber den Milchpreis amortisieren? Um wieviel steigt der Milchpreis ab dem 1. Januar? \u2013 Hier kommt die BOM ins Spiel. Wird sie f\u00fcr diesmal die ver\u00e4nderte Kostenstruktur in der Milchproduktion ber\u00fccksichtigen und ein Zeichen setzen indem sie den Milchpreis f\u00fcr das gesch\u00fctzte A Segment anhebt?<\/p>\n\n\n\n<p>BIG-M bef\u00fcrchtet, dass dies nicht eintreten wird. Gem\u00e4ss einem Bericht im \u201eSchweizerbauer\u201c vom 8. November, bef\u00fcrchtet MOOH Pr\u00e4sident Martin H\u00fcbscher, dass die Abnehmerseite trotz laufend neuen Butterimportgesuchen, auf eine deutliche Preissenkung dr\u00e4ngt. Ein solcher Beschluss w\u00e4re f\u00fcr BIG-M absolut verantwortungslos und inakzeptabel. Damit w\u00fcrde sich diese Institution definitiv degradieren. Seit Jahren verlagert sich die Milchproduktion in die besten Ackerbauregionen, weil dort mit den niedrigsten Produktionskosten Milch produziert werden kann. Diese Entwicklung ist nicht im Sinne einer nachhaltigen Politik. Die Milchbranche ist darum gefordert, ein klares Signal f\u00fcr den Fortbestand der Milchwirtschaftsbetriebe auch in den H\u00fcgel- und Bergregionen zu senden. Sie kann das, indem sie den A Milchpreis auf den 1. Januar , wenn der gr\u00fcne Teppich f\u00fcr alle gilt, um 3 Rappen anhebt. Denn eine alte Weisheit gilt immer noch: Was nichts kostet, ist nichts wert.<\/p>\n\n\n\n<p>Mit k\u00e4mpferischen Gr\u00fcssen BIG-M<\/p>\n","protected":false},"excerpt":{"rendered":"<p>Am kommenden Freitag den 17. November muss die Branchenorganisation Milch BOM Farbe bekennen: Nimmt sie ihre Aufgabe \u201eSteigerung der Wertsch\u00f6pfung auf allen Stufen\u201c ernst , oder ist sie eine Organisation, welche nach dem Motto funktioniert: \u201eVerarbeitung und Handel zuerst\u201c.<\/p>\n","protected":false},"author":1,"featured_media":0,"comment_status":"open","ping_status":"open","sticky":false,"template":"","format":"standard","meta":{"footnotes":""},"categories":[3],"tags":[26,15,17,25],"class_list":["post-397","post","type-post","status-publish","format-standard","hentry","category-newsletter","tag-gruener-teppich","tag-kostendeckung","tag-milchpreis","tag-newsletter"],"_links":{"self":[{"href":"https:\/\/new.faire-milch.ch\/wordpress\/index.php\/wp-json\/wp\/v2\/posts\/397","targetHints":{"allow":["GET"]}}],"collection":[{"href":"https:\/\/new.faire-milch.ch\/wordpress\/index.php\/wp-json\/wp\/v2\/posts"}],"about":[{"href":"https:\/\/new.faire-milch.ch\/wordpress\/index.php\/wp-json\/wp\/v2\/types\/post"}],"author":[{"embeddable":true,"href":"https:\/\/new.faire-milch.ch\/wordpress\/index.php\/wp-json\/wp\/v2\/users\/1"}],"replies":[{"embeddable":true,"href":"https:\/\/new.faire-milch.ch\/wordpress\/index.php\/wp-json\/wp\/v2\/comments?post=397"}],"version-history":[{"count":2,"href":"https:\/\/new.faire-milch.ch\/wordpress\/index.php\/wp-json\/wp\/v2\/posts\/397\/revisions"}],"predecessor-version":[{"id":399,"href":"https:\/\/new.faire-milch.ch\/wordpress\/index.php\/wp-json\/wp\/v2\/posts\/397\/revisions\/399"}],"wp:attachment":[{"href":"https:\/\/new.faire-milch.ch\/wordpress\/index.php\/wp-json\/wp\/v2\/media?parent=397"}],"wp:term":[{"taxonomy":"category","embeddable":true,"href":"https:\/\/new.faire-milch.ch\/wordpress\/index.php\/wp-json\/wp\/v2\/categories?post=397"},{"taxonomy":"post_tag","embeddable":true,"href":"https:\/\/new.faire-milch.ch\/wordpress\/index.php\/wp-json\/wp\/v2\/tags?post=397"}],"curies":[{"name":"wp","href":"https:\/\/api.w.org\/{rel}","templated":true}]}}