{"id":401,"date":"2023-11-21T18:07:40","date_gmt":"2023-11-21T18:07:40","guid":{"rendered":"https:\/\/new.faire-milch.ch\/wordpress\/?p=401"},"modified":"2023-11-21T18:07:40","modified_gmt":"2023-11-21T18:07:40","slug":"die-branchenorganisation-milch-hat-versagt","status":"publish","type":"post","link":"https:\/\/new.faire-milch.ch\/wordpress\/index.php\/2023\/11\/21\/die-branchenorganisation-milch-hat-versagt\/","title":{"rendered":"Die Branchenorganisation Milch hat versagt!"},"content":{"rendered":"\n<p>Nun ist es Tatsache: Trotz gestiegener Produktionskosten in der Milchviehhaltung, trotz drohender K\u00fcrzung der Direktzahlungen und trotz immer neuen Butterimportgesuchen senkt die Branchenorganisation Milch BOM den Milchpreis f\u00fcr A Milch. Womit sollen die Milchbauernfamilien ihre steigenden Lebenshaltungskosten im n\u00e4chsten Jahr bezahlen k\u00f6nnen?\u00a0<\/p>\n\n\n\n<!--more-->\n\n\n\n<p>Die Krise in der Milchproduktion dauert nun bald 20 Jahre. Seit Jahren leiden die Milchviehbetriebe unter den ungen\u00fcgenden Milchpreisen. Seit Jahren sinkt die Zahl der Milchk\u00fche und seit Jahren stellt man fest, dass sich die Milchproduktion immer mehr ins Ackerbaugebiet verlagert, weil dort mit den tiefsten Kosten Milch produziert werden kann. Da m\u00fcssten eigentlich bei der BOM die Alarmglocken schellen, weil \u00a0hier etwas in die falsche Richtung l\u00e4uft. Die Branchenorganisation Milch hat es seit ihrem Bestehen nicht geschafft, diese Trends zu stoppen.<\/p>\n\n\n\n<p>Besonders verwerflich ist die Tatsache, dass sich diese Organisation auch aus der Verantwortung stehlen will und in der Pressemitteilung die Schuld auf das Ausland abschiebt. Zitat: \u201eDie Preissenkung ist vor allem eine Folge der stark gesunkenen Milchpreise in Europa.\u201c Das ist eine L\u00fcge, mit der versucht wird, die Medienschaffenden f\u00fcr dumm zu verkaufen! Die Leute im BOM Vorstand h\u00e4tten beschliessen k\u00f6nnen, dass der Richtpreis bleibt oder angehoben wird. Aber sie wussten, dass wenn sie sich nicht auf ein Resultat einigen k\u00f6nnen, dass dann der Preis f\u00fcr A Milch automatisch um 2 Rappen gesenkt wird. Also ist diese Senkung ein bewusster Entscheid! Im (Grenz-) gesch\u00fctzten und gest\u00fctzten A Milch Segment gibt es keinen Anlass, den Preis zu senken. Mit dieser Senkung sendet die BOM ein deutliches Signal an die Milchb\u00e4uerinnen und Milchbauern: Der Strukturwandel soll beschleunigt werden. Die Milchkuhbest\u00e4nde sollen vergr\u00f6ssert werden. Die Milch soll kosteng\u00fcnstig im Ackerbaugebiet produziert werden.<\/p>\n\n\n\n<p>Diese eingeschlagene Strategie ist aber nicht im Interesse der Bev\u00f6lkerung. Sie l\u00e4uft den Bestrebungen hin zu einer nachhaltigen Milchproduktion zuwider. Die BOM arbeitet nicht wie eine Branchenorganisation sollte: W\u00e4hrend die Milchverarbeiter, der Handel und die Grossverteiler mit Milchprodukten viel Geld verdienen, k\u00e4mpfen die Milchviehbetriebe mit einem schlechten Lohn f\u00fcr ihre Arbeit. Die BOM hat erneut versagt. So darf es nicht mehr weitergehen! Es ist nun h\u00f6chste Zeit, dass diese Organisation neu zusammengesetzt wird mit Leuten, welche ihre Verantwortung nicht nur gegen\u00fcber dem Handel und den Grossverteilern, sondern auch gegen\u00fcber den Bauernfamilien und der Gesellschaft wahrnehmen.<\/p>\n","protected":false},"excerpt":{"rendered":"<p>Nun ist es Tatsache: Trotz gestiegener Produktionskosten in der Milchviehhaltung, trotz drohender K\u00fcrzung der Direktzahlungen und trotz immer neuen Butterimportgesuchen senkt die Branchenorganisation Milch BOM den Milchpreis f\u00fcr A Milch. Womit sollen die Milchbauernfamilien ihre steigenden Lebenshaltungskosten im n\u00e4chsten Jahr bezahlen k\u00f6nnen?\u00a0<\/p>\n","protected":false},"author":1,"featured_media":0,"comment_status":"open","ping_status":"open","sticky":false,"template":"","format":"standard","meta":{"footnotes":""},"categories":[3],"tags":[28,27,17,16],"class_list":["post-401","post","type-post","status-publish","format-standard","hentry","category-newsletter","tag-a-milchpreis","tag-branchenorganisation-milch-bom","tag-milchpreis","tag-richtpreis"],"_links":{"self":[{"href":"https:\/\/new.faire-milch.ch\/wordpress\/index.php\/wp-json\/wp\/v2\/posts\/401","targetHints":{"allow":["GET"]}}],"collection":[{"href":"https:\/\/new.faire-milch.ch\/wordpress\/index.php\/wp-json\/wp\/v2\/posts"}],"about":[{"href":"https:\/\/new.faire-milch.ch\/wordpress\/index.php\/wp-json\/wp\/v2\/types\/post"}],"author":[{"embeddable":true,"href":"https:\/\/new.faire-milch.ch\/wordpress\/index.php\/wp-json\/wp\/v2\/users\/1"}],"replies":[{"embeddable":true,"href":"https:\/\/new.faire-milch.ch\/wordpress\/index.php\/wp-json\/wp\/v2\/comments?post=401"}],"version-history":[{"count":1,"href":"https:\/\/new.faire-milch.ch\/wordpress\/index.php\/wp-json\/wp\/v2\/posts\/401\/revisions"}],"predecessor-version":[{"id":402,"href":"https:\/\/new.faire-milch.ch\/wordpress\/index.php\/wp-json\/wp\/v2\/posts\/401\/revisions\/402"}],"wp:attachment":[{"href":"https:\/\/new.faire-milch.ch\/wordpress\/index.php\/wp-json\/wp\/v2\/media?parent=401"}],"wp:term":[{"taxonomy":"category","embeddable":true,"href":"https:\/\/new.faire-milch.ch\/wordpress\/index.php\/wp-json\/wp\/v2\/categories?post=401"},{"taxonomy":"post_tag","embeddable":true,"href":"https:\/\/new.faire-milch.ch\/wordpress\/index.php\/wp-json\/wp\/v2\/tags?post=401"}],"curies":[{"name":"wp","href":"https:\/\/api.w.org\/{rel}","templated":true}]}}