{"id":405,"date":"2023-12-28T15:48:15","date_gmt":"2023-12-28T15:48:15","guid":{"rendered":"https:\/\/new.faire-milch.ch\/wordpress\/?p=405"},"modified":"2024-02-23T19:37:09","modified_gmt":"2024-02-23T19:37:09","slug":"milchpreismisere-den-hebel-am-richtigen-ort-ansetzen","status":"publish","type":"post","link":"https:\/\/new.faire-milch.ch\/wordpress\/index.php\/2023\/12\/28\/milchpreismisere-den-hebel-am-richtigen-ort-ansetzen\/","title":{"rendered":"Milchpreismisere: Den Hebel am richtigen Ort ansetzen!"},"content":{"rendered":"\n<p>Leider geht auch dieses Jahr zu Ende, ohne dass das dringendste Problem der Milchwirtschaft angegangen worden ist: Die v\u00f6llig ungen\u00fcgende Entlohnung der Arbeit, welche in der Milchviehhaltung anf\u00e4llt. Um diesen Missstand \u00a0zu beheben, muss der Hebel jetzt an zwei Orten angesetzt werden. Erstens:\u00a0 Die Milchproduzenten m\u00fcssen im Markt auf Augenh\u00f6he \u00fcber Menge und Preis verhandeln k\u00f6nnen. Bisher hat sich die Branchenorganisation Milch BOM nicht auf einen verbindlichen Milchkaufvertrag einigen k\u00f6nnen , in welchem Preis (in Rp\/KG) und Menge (in Kg) geregelt werden. Ohne vertragliche Mengenabmachungen bleiben die Produzenten Restgeldempf\u00e4nger.<\/p>\n\n\n\n<!--more-->\n\n\n\n<p>Zweitens: In der BOM herrscht Einigkeit dar\u00fcber, dass unser Milchpreis stark vom Milchpreis in der EU abh\u00e4ngig ist. K\u00f6nnen wir den beeinflussen? Ja! Es gibt eine europ\u00e4ische Organisation, das European Milkboard EMB, welches seit Jahren f\u00fcr Rahmenbedingungen im Milchmarkt&nbsp; k\u00e4mpft, welche die Voraussetzung f\u00fcr kostendeckende Milchpreise in Europa sind. Dazu geh\u00f6ren u. a. Grenzschutz und Mengenregelung. Aus der Schweiz sind Uniterre und BIG-M Mitglied beim EMB. Warum engagieren sich keine traditionellen Schweizer Milchverb\u00e4nde im EMB?&nbsp; Einige sind Mitglied im europ\u00e4ischen Bauernverband COPA. Dieser beteuert bis heute, dass die europ\u00e4ische Landwirtschaft auf dem Weltmarkt wettbewerbsf\u00e4hig sein muss und darum ihre Kosten senken muss. Wenn dann aber pl\u00f6tzlich Gelder gestrichen werden oder neue Auflagen kommen, wird (wie aktuell in Deutschland) &nbsp;laut protestiert. Das EMB hingegen fordert, dass steigende&nbsp; Kosten &nbsp;in der Milchproduktion aber auch gestrichene Direktzahlungen vom Markt ausgeglichen werden m\u00fcssen.<\/p>\n\n\n\n<p>Der irische Milchbauernverband ICMSA ist Mitglied im EMB seit der Gr\u00fcndung. Unser Dachverband SMP steht leider abseits. F\u00fcr BIG-M Sekret\u00e4r Werner Locher ist das unlogisch: \u201cWarum bringt sich die SMP da nicht ein, wenn der europ\u00e4ische Milchpreis einen so grossen Einfluss auf den Schweizer Milchpreis hat?&nbsp;&nbsp; Die B\u00e4uerinnen und Bauern in unserem Land warten auf eine Erkl\u00e4rung.\u201c&nbsp; BIG-M l\u00e4dt jedenfalls die SMP ein, an der n\u00e4chsten Versammlung des EMB mit einer Delegation als Gast teilzunehmen und danach zu entscheiden, ob eine Mitgliedschaft nicht doch sinnvoll w\u00e4re.<\/p>\n\n\n\n<p>Mit den besten W\u00fcnschen f\u00fcr 2024 BIG-M<\/p>\n","protected":false},"excerpt":{"rendered":"<p>Leider geht auch dieses Jahr zu Ende, ohne dass das dringendste Problem der Milchwirtschaft angegangen worden ist: Die v\u00f6llig ungen\u00fcgende Entlohnung der Arbeit, welche in der Milchviehhaltung anf\u00e4llt. Um diesen Missstand \u00a0zu beheben, muss der Hebel jetzt an zwei Orten angesetzt werden. Erstens:\u00a0 Die Milchproduzenten m\u00fcssen im Markt auf Augenh\u00f6he \u00fcber Menge und Preis verhandeln &hellip; <\/p>\n<p class=\"link-more\"><a href=\"https:\/\/new.faire-milch.ch\/wordpress\/index.php\/2023\/12\/28\/milchpreismisere-den-hebel-am-richtigen-ort-ansetzen\/\" class=\"more-link\"><span class=\"screen-reader-text\">\u201eMilchpreismisere: Den Hebel am richtigen Ort ansetzen!\u201c <\/span>weiterlesen<\/a><\/p>\n","protected":false},"author":1,"featured_media":0,"comment_status":"open","ping_status":"open","sticky":false,"template":"","format":"standard","meta":{"footnotes":""},"categories":[3],"tags":[17],"class_list":["post-405","post","type-post","status-publish","format-standard","hentry","category-newsletter","tag-milchpreis"],"_links":{"self":[{"href":"https:\/\/new.faire-milch.ch\/wordpress\/index.php\/wp-json\/wp\/v2\/posts\/405","targetHints":{"allow":["GET"]}}],"collection":[{"href":"https:\/\/new.faire-milch.ch\/wordpress\/index.php\/wp-json\/wp\/v2\/posts"}],"about":[{"href":"https:\/\/new.faire-milch.ch\/wordpress\/index.php\/wp-json\/wp\/v2\/types\/post"}],"author":[{"embeddable":true,"href":"https:\/\/new.faire-milch.ch\/wordpress\/index.php\/wp-json\/wp\/v2\/users\/1"}],"replies":[{"embeddable":true,"href":"https:\/\/new.faire-milch.ch\/wordpress\/index.php\/wp-json\/wp\/v2\/comments?post=405"}],"version-history":[{"count":2,"href":"https:\/\/new.faire-milch.ch\/wordpress\/index.php\/wp-json\/wp\/v2\/posts\/405\/revisions"}],"predecessor-version":[{"id":407,"href":"https:\/\/new.faire-milch.ch\/wordpress\/index.php\/wp-json\/wp\/v2\/posts\/405\/revisions\/407"}],"wp:attachment":[{"href":"https:\/\/new.faire-milch.ch\/wordpress\/index.php\/wp-json\/wp\/v2\/media?parent=405"}],"wp:term":[{"taxonomy":"category","embeddable":true,"href":"https:\/\/new.faire-milch.ch\/wordpress\/index.php\/wp-json\/wp\/v2\/categories?post=405"},{"taxonomy":"post_tag","embeddable":true,"href":"https:\/\/new.faire-milch.ch\/wordpress\/index.php\/wp-json\/wp\/v2\/tags?post=405"}],"curies":[{"name":"wp","href":"https:\/\/api.w.org\/{rel}","templated":true}]}}