{"id":419,"date":"2024-02-23T19:26:22","date_gmt":"2024-02-23T19:26:22","guid":{"rendered":"https:\/\/new.faire-milch.ch\/wordpress\/?p=419"},"modified":"2024-02-23T19:32:32","modified_gmt":"2024-02-23T19:32:32","slug":"wieso-der-richtpreis-wohl-nicht-erhoeht-wird","status":"publish","type":"post","link":"https:\/\/new.faire-milch.ch\/wordpress\/index.php\/2024\/02\/23\/wieso-der-richtpreis-wohl-nicht-erhoeht-wird\/","title":{"rendered":"Wieso der Richtpreis wohl nicht erh\u00f6ht wird"},"content":{"rendered":"\n<p>Am 1. M\u00e4rz 2024 entscheidet die BOM, ob f\u00fcr das zweite Quartal 2024 der Richtpreis wieder steigt. Der aktuelle Index zeigt eine notwendige Preiserh\u00f6hung an, aber der zweifelhafte Deal vom Fr\u00fchjahr 2022 wird dies wohl verhindern. Wir erinnern uns:<\/p>\n\n\n\n<p>Im Fr\u00fchling 2022 stieg der Milchpreis in der EU rasant an. Mit ihm stieg auch der Molkereimilchpreisindex vom BLW, welcher die Grundlage f\u00fcr die Berechnung des A-Richtpreises bildet. Damals r\u00fchmten sich die Vertreter der Milchproduzenten, \u00fcber den ausgehandelten Deal.<\/p>\n\n\n\n<!--more-->\n\n\n\n<p>Anstatt dass der Richtpreis gem\u00e4ss Index per 1. April 2022 um 3 Rappen und aller Wahrscheinlichkeit nach im Juli um weitere 2 Rappen anstieg, wurde ein Anstieg von 2.5 Rappen per 1. April und nochmals 2.5 Rappen per 1. Mai beschlossen. Somit wurde f\u00fcr knapp 2 Monate ein um 2 Rappen h\u00f6herer Milchpreis ausgehandelt. Im Gegenzug wurde der Richtpreis bis Ende Jahr eingefroren.<\/p>\n\n\n\n<p>Bereits damals kritisierte BIG-M, dass es sich um einen sehr schlechten Deal handle. So wurde n\u00e4mlich eine Milchpreiserh\u00f6hung um weitere 5 Rappen per 1. Oktober verhindert. Nach der Aufhebung der Sperre wurde der Richtpreis per 1. Januar 2023 um lediglich 3 Rappen erh\u00f6ht.&nbsp;<\/p>\n\n\n\n<p>Bereits damals war also klar, dass der Deal sehr schlecht f\u00fcr die Milchproduzenten war. F\u00fcr knapp 2 Monate hatten wir zwar einen um 2 Rappen h\u00f6heren Milchpreis. Damit wurde aber f\u00fcr 3 Monate ein um 5 Rappen h\u00f6herer Milchpreis verhindert.<\/p>\n\n\n\n<p>Doch der wahre Pferdefuss in diesem Deal wurde offiziell gar nie kommuniziert. Bis heute wurde verschwiegen, dass die 2 Rappen nicht nur mit der Einfrierung des Milchpreises erkauft wurden, sondern auch mit einem zuk\u00fcnftigen Abzug von rund 1 Rappen in der Berechnung des Richtpreises. Dies kamen die Milchproduzenten bereits bei der letzten Senkung per 1.1.2024 &nbsp;zu sp\u00fcren. Und BIG-M bef\u00fcrchtet, dass damit auch die angezeigte Erh\u00f6hung f\u00fcr das kommende Quartal verhindert wird. &nbsp;Besonders fatal ist, dass dieser eingehandelte Berechnungsabzug solange gilt, als der errechnete Basispreis die Schwelle von 76 Rappen nicht unterschreitet.<\/p>\n\n\n\n<p>Die Hoffnung stirbt bekanntlich zuletzt. Die BOM kann jederzeit ein Zeichen f\u00fcr die Schweizer Milchproduktion setzen, wenn sich je eine \u00be Mehrheit auf der Produzentenseite und auf der Abnehmerseite f\u00fcr eine \u00a0Milchpreiserh\u00f6hung entscheidet. Argumente f\u00fcr einen solchen Schritt g\u00e4be es zuhauf!<\/p>\n","protected":false},"excerpt":{"rendered":"<p>Am 1. M\u00e4rz 2024 entscheidet die BOM, ob f\u00fcr das zweite Quartal 2024 der Richtpreis wieder steigt. Der aktuelle Index zeigt eine notwendige Preiserh\u00f6hung an, aber der zweifelhafte Deal vom Fr\u00fchjahr 2022 wird dies wohl verhindern. Wir erinnern uns: Im Fr\u00fchling 2022 stieg der Milchpreis in der EU rasant an. Mit ihm stieg auch der &hellip; <\/p>\n<p class=\"link-more\"><a href=\"https:\/\/new.faire-milch.ch\/wordpress\/index.php\/2024\/02\/23\/wieso-der-richtpreis-wohl-nicht-erhoeht-wird\/\" class=\"more-link\"><span class=\"screen-reader-text\">\u201eWieso der Richtpreis wohl nicht erh\u00f6ht wird\u201c <\/span>weiterlesen<\/a><\/p>\n","protected":false},"author":1,"featured_media":0,"comment_status":"open","ping_status":"open","sticky":false,"template":"","format":"standard","meta":{"footnotes":""},"categories":[3],"tags":[27,17,16],"class_list":["post-419","post","type-post","status-publish","format-standard","hentry","category-newsletter","tag-branchenorganisation-milch-bom","tag-milchpreis","tag-richtpreis"],"_links":{"self":[{"href":"https:\/\/new.faire-milch.ch\/wordpress\/index.php\/wp-json\/wp\/v2\/posts\/419","targetHints":{"allow":["GET"]}}],"collection":[{"href":"https:\/\/new.faire-milch.ch\/wordpress\/index.php\/wp-json\/wp\/v2\/posts"}],"about":[{"href":"https:\/\/new.faire-milch.ch\/wordpress\/index.php\/wp-json\/wp\/v2\/types\/post"}],"author":[{"embeddable":true,"href":"https:\/\/new.faire-milch.ch\/wordpress\/index.php\/wp-json\/wp\/v2\/users\/1"}],"replies":[{"embeddable":true,"href":"https:\/\/new.faire-milch.ch\/wordpress\/index.php\/wp-json\/wp\/v2\/comments?post=419"}],"version-history":[{"count":2,"href":"https:\/\/new.faire-milch.ch\/wordpress\/index.php\/wp-json\/wp\/v2\/posts\/419\/revisions"}],"predecessor-version":[{"id":422,"href":"https:\/\/new.faire-milch.ch\/wordpress\/index.php\/wp-json\/wp\/v2\/posts\/419\/revisions\/422"}],"wp:attachment":[{"href":"https:\/\/new.faire-milch.ch\/wordpress\/index.php\/wp-json\/wp\/v2\/media?parent=419"}],"wp:term":[{"taxonomy":"category","embeddable":true,"href":"https:\/\/new.faire-milch.ch\/wordpress\/index.php\/wp-json\/wp\/v2\/categories?post=419"},{"taxonomy":"post_tag","embeddable":true,"href":"https:\/\/new.faire-milch.ch\/wordpress\/index.php\/wp-json\/wp\/v2\/tags?post=419"}],"curies":[{"name":"wp","href":"https:\/\/api.w.org\/{rel}","templated":true}]}}