{"id":423,"date":"2024-03-02T18:11:55","date_gmt":"2024-03-02T18:11:55","guid":{"rendered":"https:\/\/new.faire-milch.ch\/wordpress\/?p=423"},"modified":"2024-12-29T07:24:46","modified_gmt":"2024-12-29T07:24:46","slug":"milchpreiserhoehung-ein-brillanter-schachzug-der-verarbeiter-und-detailhaendler","status":"publish","type":"post","link":"https:\/\/new.faire-milch.ch\/wordpress\/index.php\/2024\/03\/02\/milchpreiserhoehung-ein-brillanter-schachzug-der-verarbeiter-und-detailhaendler\/","title":{"rendered":"Milchpreiserh\u00f6hung &#8211; ein brillanter Schachzug der Verarbeiter und Detailh\u00e4ndler"},"content":{"rendered":"\n<p>Der Vorstand der BO Milch hat entschieden: Der A-Richtpreis wird f\u00fcr das 2. Quartal auf 79 Rappen belassen. Per 1. Juli wird der A-Richtpreis auf 82 Rappen erh\u00f6ht. Zugleich werden die Fonds-Abz\u00fcge um 0.5 Rappen erh\u00f6ht. Und der A-Richtpreis wird bis Ende 2024 eingefroren. In den Medienberichten wird nur von einem Preisaufschlag von 3 Rappen berichtet. Doch was resultiert genau aus diesem BOM Beschluss?<\/p>\n\n\n\n<!--more-->\n\n\n\n<p>BIG-M vergleicht dieses \u201etolle\u201c Ergebnis mit dem Milchpreis vom Vorjahr: Im laufenden Jahr haben wir nun w\u00e4hrend 6 Monaten einen 2 Rappen tieferen Milchpreis. F\u00fcr das 2. Halbjahr ist dieser um 0.5 Rappen h\u00f6her als 2023. Das heisst, der Milchpreis im 2024 ist trotz neuem gr\u00fcnen Teppich insgesamt tiefer als 2023! Der Trend setzt sich also fort: Die L\u00fccke zwischen h\u00f6heren Produktionskosten und ungen\u00fcgenden Erl\u00f6sen vergr\u00f6ssert sich weiter. Das sind wahrlich keine zukunftsweisenden Beschl\u00fcsse!<\/p>\n\n\n\n<p>Man muss es anerkennen: Die Abgeordneten der Verarbeiter und Detailh\u00e4ndler in der BOM verstehen ihr Handwerk. Sie erreichen ihre Zielsetzungen. Ihre Strategie ist simpel: Sie geben uns per 1. Juli eine kleine Preiserh\u00f6hung, welche gem\u00e4ss Index wohl sowieso angezeigt gewesen w\u00e4re. Zugleich frieren sie den Preis bis Ende Jahr ein. Mit dem +3 Rappen Z\u00fcckerchen, welches von den Medien 1:1 gefressen wird, sollen Bauernproteste im Keim erstickt werden! Die b\u00e4uerlichen Forderungen wurden auf diese Art vordergr\u00fcndig ja teilweise erf\u00fcllt, ohne die traditionell h\u00f6heren Margen im milchreichen Fr\u00fchling zu gef\u00e4hrden. So k\u00f6nnen sie weitermachen wie bisher. Die \u00f6konomische Realit\u00e4t der Milchviehbetriebe verschlechtert sich aber weiter mit diesem Beschluss.<\/p>\n","protected":false},"excerpt":{"rendered":"<p>Der Vorstand der BO Milch hat entschieden: Der A-Richtpreis wird f\u00fcr das 2. Quartal auf 79 Rappen belassen. Per 1. Juli wird der A-Richtpreis auf 82 Rappen erh\u00f6ht. Zugleich werden die Fonds-Abz\u00fcge um 0.5 Rappen erh\u00f6ht. Und der A-Richtpreis wird bis Ende 2024 eingefroren. In den Medienberichten wird nur von einem Preisaufschlag von 3 Rappen &hellip; <\/p>\n<p class=\"link-more\"><a href=\"https:\/\/new.faire-milch.ch\/wordpress\/index.php\/2024\/03\/02\/milchpreiserhoehung-ein-brillanter-schachzug-der-verarbeiter-und-detailhaendler\/\" class=\"more-link\"><span class=\"screen-reader-text\">\u201eMilchpreiserh\u00f6hung &#8211; ein brillanter Schachzug der Verarbeiter und Detailh\u00e4ndler\u201c <\/span>weiterlesen<\/a><\/p>\n","protected":false},"author":1,"featured_media":0,"comment_status":"open","ping_status":"open","sticky":false,"template":"","format":"standard","meta":{"footnotes":""},"categories":[3],"tags":[],"class_list":["post-423","post","type-post","status-publish","format-standard","hentry","category-newsletter"],"_links":{"self":[{"href":"https:\/\/new.faire-milch.ch\/wordpress\/index.php\/wp-json\/wp\/v2\/posts\/423","targetHints":{"allow":["GET"]}}],"collection":[{"href":"https:\/\/new.faire-milch.ch\/wordpress\/index.php\/wp-json\/wp\/v2\/posts"}],"about":[{"href":"https:\/\/new.faire-milch.ch\/wordpress\/index.php\/wp-json\/wp\/v2\/types\/post"}],"author":[{"embeddable":true,"href":"https:\/\/new.faire-milch.ch\/wordpress\/index.php\/wp-json\/wp\/v2\/users\/1"}],"replies":[{"embeddable":true,"href":"https:\/\/new.faire-milch.ch\/wordpress\/index.php\/wp-json\/wp\/v2\/comments?post=423"}],"version-history":[{"count":2,"href":"https:\/\/new.faire-milch.ch\/wordpress\/index.php\/wp-json\/wp\/v2\/posts\/423\/revisions"}],"predecessor-version":[{"id":425,"href":"https:\/\/new.faire-milch.ch\/wordpress\/index.php\/wp-json\/wp\/v2\/posts\/423\/revisions\/425"}],"wp:attachment":[{"href":"https:\/\/new.faire-milch.ch\/wordpress\/index.php\/wp-json\/wp\/v2\/media?parent=423"}],"wp:term":[{"taxonomy":"category","embeddable":true,"href":"https:\/\/new.faire-milch.ch\/wordpress\/index.php\/wp-json\/wp\/v2\/categories?post=423"},{"taxonomy":"post_tag","embeddable":true,"href":"https:\/\/new.faire-milch.ch\/wordpress\/index.php\/wp-json\/wp\/v2\/tags?post=423"}],"curies":[{"name":"wp","href":"https:\/\/api.w.org\/{rel}","templated":true}]}}