{"id":464,"date":"2025-04-26T19:21:56","date_gmt":"2025-04-26T19:21:56","guid":{"rendered":"https:\/\/new.faire-milch.ch\/wordpress\/?p=464"},"modified":"2025-04-26T19:21:56","modified_gmt":"2025-04-26T19:21:56","slug":"eine-briefmarke-fuer-faire-milchpreise","status":"publish","type":"post","link":"https:\/\/new.faire-milch.ch\/wordpress\/index.php\/2025\/04\/26\/eine-briefmarke-fuer-faire-milchpreise\/","title":{"rendered":"Eine Briefmarke f\u00fcr faire Milchpreise!"},"content":{"rendered":"\n<p>Die Milch wird in der Schweiz&nbsp; nicht fair bezahlt. Fair w\u00e4re, wenn die Milchb\u00e4uerinnen und Milchbauern von ihrer geleisteten&nbsp; Arbeit leben k\u00f6nnten .<\/p>\n\n\n\n<p>BIG-M lanciert deshalb eine Briefmarke mit dem Logo f\u00fcr faire Milch: Die Kuh \u201eFaironika\u201c in den Farben der Schweizerflagge. Die Briefmarke im Wert von Fr. 1.20 (A-Post) und Fr.1.- (B-Post) kann ab sofort bei uns bestellt werden. Auf einem Markenbogen hat es&nbsp; 12 Marken. Dieser kostet Fr.14.40 ( f\u00fcr A-Post) und Fr. 12.- (f\u00fcr B-Post)&nbsp;<\/p>\n\n\n\n<p>Bestellungen nimmt ab sofort unsere Kassiererin, Silvia Blickenstorfer,&nbsp; per Mail entgegen&nbsp;&nbsp;<a href=\"mailto:sile.blick@bluewin.ch\">sile.blick@bluewin.ch<\/a><\/p>\n\n\n\n<p>BIG-M bedankt sich f\u00fcr die Unterst\u00fctzung dieser Aktion!&nbsp;&nbsp;&nbsp;<\/p>\n\n\n\n<p><\/p>\n","protected":false},"excerpt":{"rendered":"<p>Die Milch wird in der Schweiz&nbsp; nicht fair bezahlt. Fair w\u00e4re, wenn die Milchb\u00e4uerinnen und Milchbauern von ihrer geleisteten&nbsp; Arbeit leben k\u00f6nnten . BIG-M lanciert deshalb eine Briefmarke mit dem Logo f\u00fcr faire Milch: Die Kuh \u201eFaironika\u201c in den Farben der Schweizerflagge. Die Briefmarke im Wert von Fr. 1.20 (A-Post) und Fr.1.- (B-Post) kann ab &hellip; <\/p>\n<p class=\"link-more\"><a href=\"https:\/\/new.faire-milch.ch\/wordpress\/index.php\/2025\/04\/26\/eine-briefmarke-fuer-faire-milchpreise\/\" class=\"more-link\"><span class=\"screen-reader-text\">\u201eEine Briefmarke f\u00fcr faire Milchpreise!\u201c <\/span>weiterlesen<\/a><\/p>\n","protected":false},"author":1,"featured_media":466,"comment_status":"open","ping_status":"open","sticky":false,"template":"","format":"standard","meta":{"footnotes":""},"categories":[3],"tags":[39,15,17],"class_list":["post-464","post","type-post","status-publish","format-standard","has-post-thumbnail","hentry","category-newsletter","tag-briefmarke","tag-kostendeckung","tag-milchpreis"],"_links":{"self":[{"href":"https:\/\/new.faire-milch.ch\/wordpress\/index.php\/wp-json\/wp\/v2\/posts\/464","targetHints":{"allow":["GET"]}}],"collection":[{"href":"https:\/\/new.faire-milch.ch\/wordpress\/index.php\/wp-json\/wp\/v2\/posts"}],"about":[{"href":"https:\/\/new.faire-milch.ch\/wordpress\/index.php\/wp-json\/wp\/v2\/types\/post"}],"author":[{"embeddable":true,"href":"https:\/\/new.faire-milch.ch\/wordpress\/index.php\/wp-json\/wp\/v2\/users\/1"}],"replies":[{"embeddable":true,"href":"https:\/\/new.faire-milch.ch\/wordpress\/index.php\/wp-json\/wp\/v2\/comments?post=464"}],"version-history":[{"count":1,"href":"https:\/\/new.faire-milch.ch\/wordpress\/index.php\/wp-json\/wp\/v2\/posts\/464\/revisions"}],"predecessor-version":[{"id":467,"href":"https:\/\/new.faire-milch.ch\/wordpress\/index.php\/wp-json\/wp\/v2\/posts\/464\/revisions\/467"}],"wp:featuredmedia":[{"embeddable":true,"href":"https:\/\/new.faire-milch.ch\/wordpress\/index.php\/wp-json\/wp\/v2\/media\/466"}],"wp:attachment":[{"href":"https:\/\/new.faire-milch.ch\/wordpress\/index.php\/wp-json\/wp\/v2\/media?parent=464"}],"wp:term":[{"taxonomy":"category","embeddable":true,"href":"https:\/\/new.faire-milch.ch\/wordpress\/index.php\/wp-json\/wp\/v2\/categories?post=464"},{"taxonomy":"post_tag","embeddable":true,"href":"https:\/\/new.faire-milch.ch\/wordpress\/index.php\/wp-json\/wp\/v2\/tags?post=464"}],"curies":[{"name":"wp","href":"https:\/\/api.w.org\/{rel}","templated":true}]}}