{"id":480,"date":"2025-08-18T06:00:00","date_gmt":"2025-08-18T06:00:00","guid":{"rendered":"https:\/\/new.faire-milch.ch\/wordpress\/?p=480"},"modified":"2025-08-17T20:05:25","modified_gmt":"2025-08-17T20:05:25","slug":"hauptproblem-im-milchmarkt-immer-noch-ungeloest","status":"publish","type":"post","link":"https:\/\/new.faire-milch.ch\/wordpress\/index.php\/2025\/08\/18\/hauptproblem-im-milchmarkt-immer-noch-ungeloest\/","title":{"rendered":"Hauptproblem im Milchmarkt immer noch ungel\u00f6st"},"content":{"rendered":"\n<p>Im Schweizer Milchmarkt herrscht grosse Unsicherheit: F\u00fcr den K\u00e4seexport werden wegen dem Zolldiktat der USA sinkende Zahlen erwartet. Wohin mit der Milch, welche nicht mehr \u00fcber diesen Kanal vermarktet werden kann? Mit grosser Sorge nimmt BIG-M den Beschluss der BOM zur Kenntnis, diese Milchmengen in Form von Butter im Ausland zu entsorgen. Es sind zu viele Fragen offen:<\/p>\n\n\n\n<!--more-->\n\n\n\n<ul class=\"wp-block-list\">\n<li>Wie stellen die verschiedenen Milchk\u00e4ufer sicher, dass die Lieferung von C Milch freiwillig wird?<\/li>\n<\/ul>\n\n\n\n<ul class=\"wp-block-list\">\n<li>Beteiligt sich die Migros mit ihren Molkereien ebenfalls an dieser Entsorgung?<\/li>\n<\/ul>\n\n\n\n<ul class=\"wp-block-list\">\n<li>Was passiert mit dem Protein dieser C Milch, wenn ja nur Butter entsorgt wird?<\/li>\n<\/ul>\n\n\n\n<p>\u00dcbersch\u00fcsse im Ausland zu entsorgen ist eine von verschiedenen M\u00f6glichkeiten, auf Absatzeinbr\u00fcche zu reagieren. Im \u201e10 vor 10\u201c des SRF vom 17.7. formuliert es Markus Sturny, K\u00e4sermeister aus Schmitten FR so: \u201cDie erste und beste M\u00f6glichkeit ist, wenn der Bauer weniger Milch liefert.\u201c &nbsp;BIG-M teilt diese Ansicht zu 100%. Eine \u00dcberschuss Entsorgung m\u00fcsste gar nicht sein, wenn die Schweizer Milchproduzenten die Verantwortung f\u00fcr eine geregelte Versorgung des Marktes tats\u00e4chlich aus\u00fcben k\u00f6nnten.&nbsp; Verantwortung w\u00fcrde bedeuten, dass sie &nbsp;die M\u00f6glichkeit h\u00e4tten , ihre Mengen an den Absatz anzupassen. Eine solche Marktverantwortung wird den Produzenten aber bis heute kategorisch verweigert. Jeder Milchproduzent soll soviel melken wie er \/sie will. Die negativen Folgen bei Marktst\u00f6rungen (Z\u00f6lle, Boykotte, Skandale usw) baden nur die Produzenten mit schlechten Preisen aus. \u201eDas sind keine Perspektiven f\u00fcr junge Leute, &nbsp;sich in diesem Landwirtschaftssektor eine Zukunft aufzubauen.\u201c, meint BIG-M Vorstand Toni Peterhans . \u201eWenn wir ein solches Milchregulierungssystem wie zum Beispiel in Kanada h\u00e4tten, h\u00e4tten wir diesen Schwachsinn mit der \u00dcberschussentsorgung nicht!\u201c<\/p>\n\n\n\n<p>F\u00fcr BIG-M ist dieser hilflose Beschluss der BOM &nbsp;ein klares Signal, dass der Milchmarkt jetzt subito &nbsp;reformiert werden muss, so dass die Produzenten ihre Milchmenge an den Markt anpassen k\u00f6nnen und die \u00dcberschussentsorgung im Ausland ein f\u00fcr allemal Geschichte ist.<\/p>\n\n\n\n<p>Mit k\u00e4mpferischen Gr\u00fcssen<\/p>\n\n\n\n<p>BIG-M&nbsp;<\/p>\n","protected":false},"excerpt":{"rendered":"<p>Im Schweizer Milchmarkt herrscht grosse Unsicherheit: F\u00fcr den K\u00e4seexport werden wegen dem Zolldiktat der USA sinkende Zahlen erwartet. Wohin mit der Milch, welche nicht mehr \u00fcber diesen Kanal vermarktet werden kann? Mit grosser Sorge nimmt BIG-M den Beschluss der BOM zur Kenntnis, diese Milchmengen in Form von Butter im Ausland zu entsorgen. Es sind zu &hellip; <\/p>\n<p class=\"link-more\"><a href=\"https:\/\/new.faire-milch.ch\/wordpress\/index.php\/2025\/08\/18\/hauptproblem-im-milchmarkt-immer-noch-ungeloest\/\" class=\"more-link\"><span class=\"screen-reader-text\">\u201eHauptproblem im Milchmarkt immer noch ungel\u00f6st\u201c <\/span>weiterlesen<\/a><\/p>\n","protected":false},"author":1,"featured_media":0,"comment_status":"open","ping_status":"open","sticky":false,"template":"","format":"standard","meta":{"footnotes":""},"categories":[3],"tags":[27,41,31],"class_list":["post-480","post","type-post","status-publish","format-standard","hentry","category-newsletter","tag-branchenorganisation-milch-bom","tag-c-milch","tag-kaesefreihandel"],"_links":{"self":[{"href":"https:\/\/new.faire-milch.ch\/wordpress\/index.php\/wp-json\/wp\/v2\/posts\/480","targetHints":{"allow":["GET"]}}],"collection":[{"href":"https:\/\/new.faire-milch.ch\/wordpress\/index.php\/wp-json\/wp\/v2\/posts"}],"about":[{"href":"https:\/\/new.faire-milch.ch\/wordpress\/index.php\/wp-json\/wp\/v2\/types\/post"}],"author":[{"embeddable":true,"href":"https:\/\/new.faire-milch.ch\/wordpress\/index.php\/wp-json\/wp\/v2\/users\/1"}],"replies":[{"embeddable":true,"href":"https:\/\/new.faire-milch.ch\/wordpress\/index.php\/wp-json\/wp\/v2\/comments?post=480"}],"version-history":[{"count":2,"href":"https:\/\/new.faire-milch.ch\/wordpress\/index.php\/wp-json\/wp\/v2\/posts\/480\/revisions"}],"predecessor-version":[{"id":482,"href":"https:\/\/new.faire-milch.ch\/wordpress\/index.php\/wp-json\/wp\/v2\/posts\/480\/revisions\/482"}],"wp:attachment":[{"href":"https:\/\/new.faire-milch.ch\/wordpress\/index.php\/wp-json\/wp\/v2\/media?parent=480"}],"wp:term":[{"taxonomy":"category","embeddable":true,"href":"https:\/\/new.faire-milch.ch\/wordpress\/index.php\/wp-json\/wp\/v2\/categories?post=480"},{"taxonomy":"post_tag","embeddable":true,"href":"https:\/\/new.faire-milch.ch\/wordpress\/index.php\/wp-json\/wp\/v2\/tags?post=480"}],"curies":[{"name":"wp","href":"https:\/\/api.w.org\/{rel}","templated":true}]}}