{"id":494,"date":"2025-12-03T07:16:20","date_gmt":"2025-12-03T07:16:20","guid":{"rendered":"https:\/\/new.faire-milch.ch\/wordpress\/?p=494"},"modified":"2025-12-28T21:16:10","modified_gmt":"2025-12-28T21:16:10","slug":"fragwuerdiger-erfolg-vom-kaesefreihandel-mit-der-eu","status":"publish","type":"post","link":"https:\/\/new.faire-milch.ch\/wordpress\/index.php\/2025\/12\/03\/fragwuerdiger-erfolg-vom-kaesefreihandel-mit-der-eu\/","title":{"rendered":"Fragw\u00fcrdiger Erfolg vom K\u00e4sefreihandel mit der EU"},"content":{"rendered":"\n<p>Seit 2007 gilt der K\u00e4sefreihandel mit der EU. Bis heute wird diese Liberalisierung von Politik und Wirtschaft als Erfolgsgeschichte kommuniziert. Warum moniert dann die Milchbranche, dass der teilliberalisierte Milchmarkt ein grosses Problem darstellt? Um Klarheit zu schaffen hat BIG-M Prof. Mathias Binswanger von der FHNW mit einer Studie zum K\u00e4sefreihandel mit der EU beauftragt. <\/p>\n\n\n\n<!--more-->\n\n\n\n<p>Die umfassenden\u00a0 Resultate zeigen deutlich, dass der K\u00e4sefreihandel KEINE Erfolgsgeschichte ist. Wer den K\u00e4sefreihandel r\u00fchmt, bedient sich eines Tricks. Die Studie zeigt klar, wo der Freihandel der Milchwirtschaft n\u00fctzt und wo er sie vor unl\u00f6sbare Probleme stellt.<\/p>\n\n\n\n<p><a href=\"https:\/\/new.faire-milch.ch\/wordpress\/wp-content\/uploads\/2025\/12\/Erfolg-kaesefreihandel-fragwuerdig.pdf\" data-type=\"attachment\" data-id=\"493\">Hier findet ihr das Forschungsprojekt K\u00e4sefreihandel zum Download<\/a><\/p>\n\n\n\n<p><\/p>\n","protected":false},"excerpt":{"rendered":"<p>Seit 2007 gilt der K\u00e4sefreihandel mit der EU. Bis heute wird diese Liberalisierung von Politik und Wirtschaft als Erfolgsgeschichte kommuniziert. Warum moniert dann die Milchbranche, dass der teilliberalisierte Milchmarkt ein grosses Problem darstellt? Um Klarheit zu schaffen hat BIG-M Prof. Mathias Binswanger von der FHNW mit einer Studie zum K\u00e4sefreihandel mit der EU beauftragt.<\/p>\n","protected":false},"author":1,"featured_media":0,"comment_status":"open","ping_status":"open","sticky":false,"template":"","format":"standard","meta":{"footnotes":""},"categories":[4,3],"tags":[30,31,15,17],"class_list":["post-494","post","type-post","status-publish","format-standard","hentry","category-medienmitteilung","category-newsletter","tag-deutschland","tag-kaesefreihandel","tag-kostendeckung","tag-milchpreis"],"_links":{"self":[{"href":"https:\/\/new.faire-milch.ch\/wordpress\/index.php\/wp-json\/wp\/v2\/posts\/494","targetHints":{"allow":["GET"]}}],"collection":[{"href":"https:\/\/new.faire-milch.ch\/wordpress\/index.php\/wp-json\/wp\/v2\/posts"}],"about":[{"href":"https:\/\/new.faire-milch.ch\/wordpress\/index.php\/wp-json\/wp\/v2\/types\/post"}],"author":[{"embeddable":true,"href":"https:\/\/new.faire-milch.ch\/wordpress\/index.php\/wp-json\/wp\/v2\/users\/1"}],"replies":[{"embeddable":true,"href":"https:\/\/new.faire-milch.ch\/wordpress\/index.php\/wp-json\/wp\/v2\/comments?post=494"}],"version-history":[{"count":4,"href":"https:\/\/new.faire-milch.ch\/wordpress\/index.php\/wp-json\/wp\/v2\/posts\/494\/revisions"}],"predecessor-version":[{"id":498,"href":"https:\/\/new.faire-milch.ch\/wordpress\/index.php\/wp-json\/wp\/v2\/posts\/494\/revisions\/498"}],"wp:attachment":[{"href":"https:\/\/new.faire-milch.ch\/wordpress\/index.php\/wp-json\/wp\/v2\/media?parent=494"}],"wp:term":[{"taxonomy":"category","embeddable":true,"href":"https:\/\/new.faire-milch.ch\/wordpress\/index.php\/wp-json\/wp\/v2\/categories?post=494"},{"taxonomy":"post_tag","embeddable":true,"href":"https:\/\/new.faire-milch.ch\/wordpress\/index.php\/wp-json\/wp\/v2\/tags?post=494"}],"curies":[{"name":"wp","href":"https:\/\/api.w.org\/{rel}","templated":true}]}}